{"id":7845,"date":"2020-06-17T09:51:55","date_gmt":"2020-06-17T07:51:55","guid":{"rendered":"http:\/\/agora.xtec.cat\/escolalavilapalamos\/?p=7845"},"modified":"2020-06-17T11:21:37","modified_gmt":"2020-06-17T09:21:37","slug":"viatge-de-6e","status":"publish","type":"post","link":"https:\/\/agora.xtec.cat\/escolalavilapalamos\/general\/viatge-de-6e\/","title":{"rendered":"Viatge de 6\u00e8"},"content":{"rendered":"<div dir=\"auto\"><a href=\"https:\/\/agora.xtec.cat\/escolalavilapalamos\/wp-content\/uploads\/usu897\/2020\/06\/GARBINADA.jpg\"><img loading=\"lazy\" decoding=\"async\" class=\" wp-image-7846 alignright\" src=\"https:\/\/agora.xtec.cat\/escolalavilapalamos\/wp-content\/uploads\/usu897\/2020\/06\/GARBINADA.jpg\" alt=\"\" width=\"323\" height=\"339\" srcset=\"https:\/\/agora.xtec.cat\/escolalavilapalamos\/wp-content\/uploads\/usu897\/2020\/06\/GARBINADA.jpg 400w, https:\/\/agora.xtec.cat\/escolalavilapalamos\/wp-content\/uploads\/usu897\/2020\/06\/GARBINADA-286x300.jpg 286w\" sizes=\"auto, (max-width: 323px) 100vw, 323px\" \/><\/a>Finalment hem tirat endavant el viatge de final de curs de 6\u00e8.<\/div>\n<div dir=\"auto\"><\/div>\n<div dir=\"auto\">El farem la manera que ens ha semblat que es garanteix millor la seguretat de tots i totes.<\/div>\n<div dir=\"auto\"><\/div>\n<div dir=\"auto\">Anirem a una casa de col\u00f2nies anomenada\u00a0<a href=\"https:\/\/www.rosadelsvents.es\/casas-de-colonias\/la-garbinada\"><b>La Garbinada<\/b><\/a> que es troba a la Gola del Ter (Estartit). Aquesta ser\u00e0 la darrera aventura que compartirem amb els vostres fills i l&#8217;oportunitat de fer aquest acomiadament de grup que ha quedat trencat per les malaurades circumst\u00e0ncies que hem viscut aquests mesos per la pand\u00e8mia de la COVID19.<\/div>\n<div dir=\"auto\"><\/div>\n<div dir=\"auto\"><strong>Marxarem el dia 29 de juny a les 8.30 i tornarem el dia 30 de juny a les 16.30 des del camp de futbol<\/strong>. Tot i que les mesures de seguretat ens permetin viatjar tots en un mateix autob\u00fas hem decidit fer-ho amb dos autobusos. Cada nen anir\u00e0 assegut cada dos seients i haur\u00e0 de portar mascareta. D&#8217;aquesta manera garantitzem que hi haur\u00e0 una dist\u00e0ncia entre ells.<\/div>\n<div dir=\"auto\"><\/div>\n<div dir=\"auto\">Pr\u00e8viament a arribar a la casa de col\u00f2nies pararem al\u00a0<b><a href=\"https:\/\/costabravaparcaventura.com\/\">parc d&#8217;aventura Costa Brava de Pals<\/a>.<\/b>\u00a0All\u00e0 esmorzarem\u00a0 i en petits grups farem els diferents circuits que ofereix el parc. El parc garantitza totes les mesures de seguretat posant especial \u00e8mfasi en les preventives de la Covid-19.<\/div>\n<div dir=\"auto\"><\/div>\n<div dir=\"auto\">Arribarem a la casa a l&#8217;hora de dinar i durant el que queda de dia i el mat\u00ed de l&#8217;endem\u00e0 farem escalada, tir\u00a0amb arc, windsurf i caiac, tot en grups redu\u00efts que seran sempre els mateixos.<\/div>\n<div dir=\"auto\"><\/div>\n<div dir=\"auto\">Teniu m\u00e9s informaci\u00f3 a <a href=\"https:\/\/drive.google.com\/file\/d\/1QsLU-rvfifvavYnXGVEinsS7S8ub4E7r\/view?usp=sharing\">la circular d&#8217;autoritzaci\u00f3<\/a>.<\/div>\n<div dir=\"auto\"><\/div>\n<div dir=\"auto\">Aquesta circular cont\u00e9 l&#8217;autoritzaci\u00f3 que <span style=\"color: #ff0000;\">caldr\u00e0 portar omplerta i signada a l&#8217;escola<\/span>. La data l\u00edmit per fer-ho \u00e9s\u00a0<b>divendres 19 de juny. <\/b>Podeu imprimir el document, signar-lo i portar-lo a l&#8217;escola en qualsevol horari ja que si l&#8217;escola no est\u00e0 oberta el podeu deixar a la B\u00fastia. Tamb\u00e9 podeu venir a l&#8217;escola i omplir les c\u00f2pies que tindrem impreses nosaltres, com us vagi millor. En aquest cas l&#8217;horari \u00e9s de 8:30 a 13:30h.<\/div>\n<div dir=\"auto\"><\/div>\n<div dir=\"auto\">Durant els propers dies rebreu per correu\u00a0<b>documentaci\u00f3 que caldr\u00e0 omplir per la casa de col\u00f2nies<\/b>\u00a0en relaci\u00f3 a l&#8217;estat de salut dels vostres fills.<\/div>\n<div dir=\"auto\">Caldr\u00e0 que ho empleneu i ho retorneu a l&#8217;adre\u00e7a indicada.<\/div>\n<div dir=\"auto\"><\/div>\n","protected":false},"excerpt":{"rendered":"<p><a href=\"https:\/\/agora.xtec.cat\/escolalavilapalamos\/wp-content\/uploads\/usu897\/2020\/06\/GARBINADA.jpg\"><\/a>Finalment hem tirat endavant el viatge de final de curs de 6\u00e8.<\/p>\n<p>El farem la manera que ens ha semblat que es garanteix millor la seguretat de tots i totes.<\/p>\n<p>Anirem a una casa de col\u00f2nies anomenada\u00a0<a href=\"https:\/\/www.rosadelsvents.es\/casas-de-colonias\/la-garbinada\">La Garbinada<\/a> que es troba a la Gola del&hellip;  <a href=\"https:\/\/agora.xtec.cat\/escolalavilapalamos\/general\/viatge-de-6e\/\" title=\"Read Viatge de 6\u00e8\">Llegeix m\u00e9s\u00bb<\/a><\/p>\n","protected":false},"author":1,"featured_media":7846,"comment_status":"open","ping_status":"closed","sticky":false,"template":"","format":"standard","meta":{"_bbp_topic_count":0,"_bbp_reply_count":0,"_bbp_total_topic_count":0,"_bbp_total_reply_count":0,"_bbp_voice_count":0,"_bbp_anonymous_reply_count":0,"_bbp_topic_count_hidden":0,"_bbp_reply_count_hidden":0,"_bbp_forum_subforum_count":0,"footnotes":""},"categories":[128,1,4],"tags":[],"class_list":["post-7845","post","type-post","status-publish","format-standard","has-post-thumbnail","hentry","category-comunitat-de-grans","category-general","category-portada"],"post_mailing_queue_ids":[],"_links":{"self":[{"href":"https:\/\/agora.xtec.cat\/escolalavilapalamos\/wp-json\/wp\/v2\/posts\/7845","targetHints":{"allow":["GET"]}}],"collection":[{"href":"https:\/\/agora.xtec.cat\/escolalavilapalamos\/wp-json\/wp\/v2\/posts"}],"about":[{"href":"https:\/\/agora.xtec.cat\/escolalavilapalamos\/wp-json\/wp\/v2\/types\/post"}],"author":[{"embeddable":true,"href":"https:\/\/agora.xtec.cat\/escolalavilapalamos\/wp-json\/wp\/v2\/users\/1"}],"replies":[{"embeddable":true,"href":"https:\/\/agora.xtec.cat\/escolalavilapalamos\/wp-json\/wp\/v2\/comments?post=7845"}],"version-history":[{"count":1,"href":"https:\/\/agora.xtec.cat\/escolalavilapalamos\/wp-json\/wp\/v2\/posts\/7845\/revisions"}],"predecessor-version":[{"id":7847,"href":"https:\/\/agora.xtec.cat\/escolalavilapalamos\/wp-json\/wp\/v2\/posts\/7845\/revisions\/7847"}],"wp:featuredmedia":[{"embeddable":true,"href":"https:\/\/agora.xtec.cat\/escolalavilapalamos\/wp-json\/wp\/v2\/media\/7846"}],"wp:attachment":[{"href":"https:\/\/agora.xtec.cat\/escolalavilapalamos\/wp-json\/wp\/v2\/media?parent=7845"}],"wp:term":[{"taxonomy":"category","embeddable":true,"href":"https:\/\/agora.xtec.cat\/escolalavilapalamos\/wp-json\/wp\/v2\/categories?post=7845"},{"taxonomy":"post_tag","embeddable":true,"href":"https:\/\/agora.xtec.cat\/escolalavilapalamos\/wp-json\/wp\/v2\/tags?post=7845"}],"curies":[{"name":"wp","href":"https:\/\/api.w.org\/{rel}","templated":true}]}}