{"id":7836,"date":"2020-06-10T11:45:12","date_gmt":"2020-06-10T09:45:12","guid":{"rendered":"http:\/\/agora.xtec.cat\/escolalavilapalamos\/?p=7836"},"modified":"2020-06-17T09:55:03","modified_gmt":"2020-06-17T07:55:03","slug":"beques-creu-roja-2","status":"publish","type":"post","link":"https:\/\/agora.xtec.cat\/escolalavilapalamos\/general\/beques-creu-roja-2\/","title":{"rendered":"Beques Creu Roja"},"content":{"rendered":"<p><a href=\"http:\/\/agora.xtec.cat\/escolalavilapalamos\/wp-content\/uploads\/usu897\/2017\/05\/photo.jpg\"><img loading=\"lazy\" decoding=\"async\" class=\"wp-image-1452 alignright\" src=\"http:\/\/agora.xtec.cat\/escolalavilapalamos\/wp-content\/uploads\/usu897\/2017\/05\/photo.jpg\" alt=\"photo\" width=\"245\" height=\"245\" srcset=\"https:\/\/agora.xtec.cat\/escolalavilapalamos\/wp-content\/uploads\/usu897\/2017\/05\/photo.jpg 900w, https:\/\/agora.xtec.cat\/escolalavilapalamos\/wp-content\/uploads\/usu897\/2017\/05\/photo-150x150.jpg 150w, https:\/\/agora.xtec.cat\/escolalavilapalamos\/wp-content\/uploads\/usu897\/2017\/05\/photo-300x300.jpg 300w, https:\/\/agora.xtec.cat\/escolalavilapalamos\/wp-content\/uploads\/usu897\/2017\/05\/photo-768x768.jpg 768w\" sizes=\"auto, (max-width: 245px) 100vw, 245px\" \/><\/a>Creu Roja de Palam\u00f3s inicia el\u00a0<b>Projecte de concessi\u00f3 d\u2019ajuts per fer front a las despeses d\u2019escolaritzaci\u00f3\u201d pel proper curs 2020\/2021\u00a0<\/b>per alumnes matriculats als centres educatius de Palam\u00f3s, des de P-3 (infantil) a 4art ESO.<\/p>\n<p>Amb aquest projecte Creu Roja de Palam\u00f3s t\u00e9 l\u2019objectiu de donar suport a les fam\u00edlies i unitats convivencials per tal de promoure i afavorir l\u2019acc\u00e9s dels seus fills i filles a una educaci\u00f3 en igualtat de condicions, mitjan\u00e7ant el pagament de les despeses d\u2019escolaritzaci\u00f3 que s\u2019acordin amb cada un dels centres educatius: matr\u00edcules, material escolar, quotes de l\u2019AMPA&#8230;<\/p>\n<p>L\u2019impacte de la crisis i el context social i econ\u00f2mic dels \u00faltims anys ha deixat en una situaci\u00f3 de vulnerabilitat a moltes fam\u00edlies. Aquest any, malauradament, aquesta situaci\u00f3 s\u2019ha agreujat arran de la crisi sanit\u00e0ria de la COVID19 que est\u00e0 deixant una petjada de conseq\u00fc\u00e8ncies alarmants. Un dels \u00e0mbits en qu\u00e8 s\u2019evidencia aquest risc \u00e9s, precisament, l\u2019educatiu ja que els nens i nenes s\u00f3n el segment m\u00e9s feble de la poblaci\u00f3.<\/p>\n<p>Les persones interessades hauran d\u2019adre\u00e7ar-se, presencialment, a la Creu Roja de Palam\u00f3s, entre <strong>els dies 6 i 17 de Juliol, amb horari de 9 h a 13 h i presentar la documentaci\u00f3 que se\u2019ls requereix.<\/strong> <strong>Us podeu descarregar <a href=\"https:\/\/drive.google.com\/file\/d\/11i1xAOsrECDmF0rJRT4kGazpDHxbwo51\/view?usp=sharing\">la circular i el full de requisits i documentaci\u00f3<\/a><br \/>\n<\/strong><\/p>\n<p>Per l&#8217;elecci\u00f3 dels beneficiaris es realitzar\u00e0 una valoraci\u00f3 per part de Creu Roja, que tindr\u00e0 en compte: ingressos de les llars, condicions d&#8217;especial vulnerabilitat &#8211; fam\u00edlies nombroses, monoparentals o amb membres amb discapacitats-\u00a0 i el comprom\u00eds i la participaci\u00f3 a les activitats que proposi Creu Roja en relaci\u00f3 a la concessi\u00f3 d\u2019aquests ajuts.<\/p>\n<p><u>El Calendari \u00e9s el seg\u00fcent:<\/u><\/p>\n<p>Del 6 al 15 de juliol \u00a0 \u00a0\u00a0 Termini de presentaci\u00f3 de la documentaci\u00f3<\/p>\n<p>Fins el 14 d&#8217; agost \u00a0\u00a0 \u00a0\u00a0\u00a0 Avaluaci\u00f3 i estudi dels casos per part de Creu Roja Palam\u00f3s<\/p>\n<p><span lang=\"CA\">10 de setembre\u00a0\u00a0\u00a0\u00a0\u00a0\u00a0\u00a0\u00a0\u00a0\u00a0 <\/span><span lang=\"CA\">\u00a0Publicaci\u00f3 del llistat de Beneficiaris i difusi\u00f3 a les escoles<\/span><\/p>\n<p>Per m\u00e9s informaci\u00f3 consulteu la web de la\u00a0<a href=\"http:\/\/www.cruzroja.es\/portal\/page?_pageid=569,12324472&amp;_dad=portal30&amp;_schema=PORTAL30&amp;P_CENT=14963\">Creu Roja de Palam\u00f3s<\/a><\/p>\n","protected":false},"excerpt":{"rendered":"<p><a href=\"http:\/\/agora.xtec.cat\/escolalavilapalamos\/wp-content\/uploads\/usu897\/2017\/05\/photo.jpg\"><\/a>Creu Roja de Palam\u00f3s inicia el\u00a0Projecte de concessi\u00f3 d\u2019ajuts per fer front a las despeses d\u2019escolaritzaci\u00f3\u201d pel proper curs 2020\/2021\u00a0per alumnes matriculats als centres educatius de Palam\u00f3s, des de P-3 (infantil) a 4art ESO.<br \/>\nAmb aquest projecte Creu Roja de Palam\u00f3s t\u00e9 l\u2019objectiu de donar&hellip;  <a href=\"https:\/\/agora.xtec.cat\/escolalavilapalamos\/general\/beques-creu-roja-2\/\" title=\"Read Beques Creu Roja\">Llegeix m\u00e9s\u00bb<\/a><\/p>\n","protected":false},"author":1,"featured_media":1452,"comment_status":"open","ping_status":"closed","sticky":false,"template":"","format":"standard","meta":{"_bbp_topic_count":0,"_bbp_reply_count":0,"_bbp_total_topic_count":0,"_bbp_total_reply_count":0,"_bbp_voice_count":0,"_bbp_anonymous_reply_count":0,"_bbp_topic_count_hidden":0,"_bbp_reply_count_hidden":0,"_bbp_forum_subforum_count":0,"footnotes":""},"categories":[1,4],"tags":[],"class_list":["post-7836","post","type-post","status-publish","format-standard","has-post-thumbnail","hentry","category-general","category-portada"],"post_mailing_queue_ids":[],"_links":{"self":[{"href":"https:\/\/agora.xtec.cat\/escolalavilapalamos\/wp-json\/wp\/v2\/posts\/7836","targetHints":{"allow":["GET"]}}],"collection":[{"href":"https:\/\/agora.xtec.cat\/escolalavilapalamos\/wp-json\/wp\/v2\/posts"}],"about":[{"href":"https:\/\/agora.xtec.cat\/escolalavilapalamos\/wp-json\/wp\/v2\/types\/post"}],"author":[{"embeddable":true,"href":"https:\/\/agora.xtec.cat\/escolalavilapalamos\/wp-json\/wp\/v2\/users\/1"}],"replies":[{"embeddable":true,"href":"https:\/\/agora.xtec.cat\/escolalavilapalamos\/wp-json\/wp\/v2\/comments?post=7836"}],"version-history":[{"count":3,"href":"https:\/\/agora.xtec.cat\/escolalavilapalamos\/wp-json\/wp\/v2\/posts\/7836\/revisions"}],"predecessor-version":[{"id":7842,"href":"https:\/\/agora.xtec.cat\/escolalavilapalamos\/wp-json\/wp\/v2\/posts\/7836\/revisions\/7842"}],"wp:featuredmedia":[{"embeddable":true,"href":"https:\/\/agora.xtec.cat\/escolalavilapalamos\/wp-json\/wp\/v2\/media\/1452"}],"wp:attachment":[{"href":"https:\/\/agora.xtec.cat\/escolalavilapalamos\/wp-json\/wp\/v2\/media?parent=7836"}],"wp:term":[{"taxonomy":"category","embeddable":true,"href":"https:\/\/agora.xtec.cat\/escolalavilapalamos\/wp-json\/wp\/v2\/categories?post=7836"},{"taxonomy":"post_tag","embeddable":true,"href":"https:\/\/agora.xtec.cat\/escolalavilapalamos\/wp-json\/wp\/v2\/tags?post=7836"}],"curies":[{"name":"wp","href":"https:\/\/api.w.org\/{rel}","templated":true}]}}