{"id":7816,"date":"2020-05-30T13:15:29","date_gmt":"2020-05-30T11:15:29","guid":{"rendered":"http:\/\/agora.xtec.cat\/escolalavilapalamos\/?p=7816"},"modified":"2020-06-10T11:46:09","modified_gmt":"2020-06-10T09:46:09","slug":"beques-de-menjador-pel-curs-2020-21","status":"publish","type":"post","link":"https:\/\/agora.xtec.cat\/escolalavilapalamos\/general\/beques-de-menjador-pel-curs-2020-21\/","title":{"rendered":"Beques de menjador pel curs 2020-21"},"content":{"rendered":"<p>S\u2019obre el per\u00edode per <strong>sol\u00b7licitar ajut econ\u00f2mic individual pel menjador escolar del curs 2020-21.<\/strong> Trobareu les sol\u00b7licituds, les bases i informaci\u00f3 de la convocat\u00f2ria <a href=\"https:\/\/drive.google.com\/file\/d\/1iHXcbweUIzXLH9z65Oz45R2OWTZPqygY\/view?usp=sharing\">aqu\u00ed<\/a>. <span lang=\"CA\">Per a consultes al Consell comarcal, l\u2019horari d\u2019atenci\u00f3 telef\u00f2nica de l\u2019\u00c0rea d\u2019Ensenyament \u00e9s de dimarts a divendres, de les 9 a les 14 h. Tel\u00e8fon i persones de contacte: 972 64 55 59 &#8211; Cristina Pag\u00e8s i Ana Linares. <em>Els dilluns no hi ha atenci\u00f3 al p\u00fablic. <\/em><a href=\"https:\/\/drive.google.com\/file\/d\/18m_jbEmHzvAqljivSj0odSwwFs0pxjln\/view?usp=sharing\">Guia per tramitar la sol\u00b7licitud de l&#8217;ajut de menjador telem\u00e0ticament<\/a><em><br \/>\n<\/em><\/span><\/p>\n<p><img loading=\"lazy\" decoding=\"async\" class=\"alignleft\" src=\"http:\/\/dreamicus.com\/data\/apple\/apple-06.jpg\" width=\"223\" height=\"254\" \/>Per sol\u00b7licitar l\u2019ajut econ\u00f2mic cal que repasseu la renda anual de la unitat familiar de l\u2019any 2019. Per saber els requisits us podeu descarregar <a href=\"https:\/\/drive.google.com\/file\/d\/1z7bqO-tzoGgKG9Ogd-wHJrDK3j29nGSJ\/view?usp=sharing\">la circular<\/a> . M\u00e9s informaci\u00f3 de les beques de menjador <a href=\"https:\/\/drive.google.com\/file\/d\/1hilBmEvdsbk2KR6ZeZChOI0tCllUVi6R\/view?usp=sharing\">aqu\u00ed<\/a>.<\/p>\n<p><strong>Les sol\u00b7licituds s&#8217;han de fer priorit\u00e0riament de forma telem\u00e0tica a trav\u00e9s de <a href=\"https:\/\/baixemporda.eadministracio.cat\/dossier.1\">la seu electr\u00f2nica del Consell Comarcal del Baix Empord\u00e0<\/a><\/strong>. Excepcionalment es poden presentar\u00a0 a la secretaria de l&#8217;escola, al Consell Comarcal del Baix Empord\u00e0, a les oficines de correus i als serveis socials municipals.<\/p>\n<p><strong><span style=\"color: #ff0000;\">Per presentar la sol\u00b7licitud de beca de menjador a la secretaria de l&#8217;escola cal <a href=\"https:\/\/aplicacions.gestioeducativa.gencat.cat\/pls\/apex\/f?p=CITA_PREVIA:4::::4:P4_TIPUS_CALENDARI,P4_DOMINI:01_Acompanyament,17002569\">demanar cita pr\u00e8via aqu\u00ed<\/a>. <\/span><\/strong><span style=\"color: #000000;\">Horari de 8:30 a 13:30 h<\/span><\/p>\n<p><strong>El per\u00edode per presentar la sol\u00b7licitud \u00e9s del dilluns 1\u00a0 al divendres 19 de juny de 2020 (ambd\u00f3s inclosos). <\/strong><em>Per a l\u2019alumnat que hagi de comen\u00e7ar P3 i de nova matr\u00edcula podran demanar la beca en per\u00edode de matriculaci\u00f3 a mitjans de juliol.<br \/>\n<\/em><\/p>\n<p>Les sol\u00b7licitants que acreditin situacions de risc social, hauran de tramitar la seva sol\u00b7licitud a trav\u00e9s dels serveis socials de Palam\u00f3s. Acci\u00f3 Social i Ciutadania C\/ Mn. Cinto Verdaguer 12 Palam\u00f3s. Horari d&#8217;atenci\u00f3 al p\u00fablic: de dilluns a divendres de 10 a 14 h <a href=\"mailto:serveissocials@palamos.cat\">serveissocials@palamos.cat<\/a><\/p>\n","protected":false},"excerpt":{"rendered":"<p>S\u2019obre el per\u00edode per sol\u00b7licitar ajut econ\u00f2mic individual pel menjador escolar del curs 2020-21. Trobareu les sol\u00b7licituds, les bases i informaci\u00f3 de la convocat\u00f2ria <a href=\"https:\/\/drive.google.com\/file\/d\/1iHXcbweUIzXLH9z65Oz45R2OWTZPqygY\/view?usp=sharing\">aqu\u00ed<\/a>. Per a consultes al Consell comarcal, l\u2019horari d\u2019atenci\u00f3 telef\u00f2nica de l\u2019\u00c0rea d\u2019Ensenyament \u00e9s de dimarts a divendres, de les&hellip;  <a href=\"https:\/\/agora.xtec.cat\/escolalavilapalamos\/general\/beques-de-menjador-pel-curs-2020-21\/\" title=\"Read Beques de menjador pel curs 2020-21\">Llegeix m\u00e9s\u00bb<\/a><\/p>\n","protected":false},"author":1,"featured_media":1413,"comment_status":"open","ping_status":"closed","sticky":false,"template":"","format":"standard","meta":{"_bbp_topic_count":0,"_bbp_reply_count":0,"_bbp_total_topic_count":0,"_bbp_total_reply_count":0,"_bbp_voice_count":0,"_bbp_anonymous_reply_count":0,"_bbp_topic_count_hidden":0,"_bbp_reply_count_hidden":0,"_bbp_forum_subforum_count":0,"footnotes":""},"categories":[1,4],"tags":[],"class_list":["post-7816","post","type-post","status-publish","format-standard","has-post-thumbnail","hentry","category-general","category-portada"],"post_mailing_queue_ids":[],"_links":{"self":[{"href":"https:\/\/agora.xtec.cat\/escolalavilapalamos\/wp-json\/wp\/v2\/posts\/7816","targetHints":{"allow":["GET"]}}],"collection":[{"href":"https:\/\/agora.xtec.cat\/escolalavilapalamos\/wp-json\/wp\/v2\/posts"}],"about":[{"href":"https:\/\/agora.xtec.cat\/escolalavilapalamos\/wp-json\/wp\/v2\/types\/post"}],"author":[{"embeddable":true,"href":"https:\/\/agora.xtec.cat\/escolalavilapalamos\/wp-json\/wp\/v2\/users\/1"}],"replies":[{"embeddable":true,"href":"https:\/\/agora.xtec.cat\/escolalavilapalamos\/wp-json\/wp\/v2\/comments?post=7816"}],"version-history":[{"count":3,"href":"https:\/\/agora.xtec.cat\/escolalavilapalamos\/wp-json\/wp\/v2\/posts\/7816\/revisions"}],"predecessor-version":[{"id":7830,"href":"https:\/\/agora.xtec.cat\/escolalavilapalamos\/wp-json\/wp\/v2\/posts\/7816\/revisions\/7830"}],"wp:featuredmedia":[{"embeddable":true,"href":"https:\/\/agora.xtec.cat\/escolalavilapalamos\/wp-json\/wp\/v2\/media\/1413"}],"wp:attachment":[{"href":"https:\/\/agora.xtec.cat\/escolalavilapalamos\/wp-json\/wp\/v2\/media?parent=7816"}],"wp:term":[{"taxonomy":"category","embeddable":true,"href":"https:\/\/agora.xtec.cat\/escolalavilapalamos\/wp-json\/wp\/v2\/categories?post=7816"},{"taxonomy":"post_tag","embeddable":true,"href":"https:\/\/agora.xtec.cat\/escolalavilapalamos\/wp-json\/wp\/v2\/tags?post=7816"}],"curies":[{"name":"wp","href":"https:\/\/api.w.org\/{rel}","templated":true}]}}