{"id":7787,"date":"2020-05-08T23:00:48","date_gmt":"2020-05-08T21:00:48","guid":{"rendered":"http:\/\/agora.xtec.cat\/escolalavilapalamos\/?p=7787"},"modified":"2020-05-14T18:28:08","modified_gmt":"2020-05-14T16:28:08","slug":"videoconferencies-amb-els-grups-classe","status":"publish","type":"post","link":"https:\/\/agora.xtec.cat\/escolalavilapalamos\/general\/videoconferencies-amb-els-grups-classe\/","title":{"rendered":"Videoconfer\u00e8ncies amb els grups-classe"},"content":{"rendered":"<p>Benvolgudes fam\u00edlies,<a href=\"https:\/\/agora.xtec.cat\/escolalavilapalamos\/wp-content\/uploads\/usu897\/2020\/05\/Zoom_Alternatives.png\"><img loading=\"lazy\" decoding=\"async\" class=\"wp-image-7788 alignright\" src=\"https:\/\/agora.xtec.cat\/escolalavilapalamos\/wp-content\/uploads\/usu897\/2020\/05\/Zoom_Alternatives-1024x639.png\" alt=\"\" width=\"403\" height=\"251\" srcset=\"https:\/\/agora.xtec.cat\/escolalavilapalamos\/wp-content\/uploads\/usu897\/2020\/05\/Zoom_Alternatives-1024x639.png 1024w, https:\/\/agora.xtec.cat\/escolalavilapalamos\/wp-content\/uploads\/usu897\/2020\/05\/Zoom_Alternatives-300x187.png 300w, https:\/\/agora.xtec.cat\/escolalavilapalamos\/wp-content\/uploads\/usu897\/2020\/05\/Zoom_Alternatives-768x479.png 768w, https:\/\/agora.xtec.cat\/escolalavilapalamos\/wp-content\/uploads\/usu897\/2020\/05\/Zoom_Alternatives.png 1400w\" sizes=\"auto, (max-width: 403px) 100vw, 403px\" \/><\/a><br \/>\nJa fa dos mesos que estem sense escola. Hem anat encarant aquesta situaci\u00f3 de la millor manera possible. Amb molts dubtes, ja que \u00e9s una situaci\u00f3 nova i desconeguda per a tots. A l\u2019inici del 3r trimestre ens vam plantejar la possibilitat de fer videoconfer\u00e8ncies amb els alumnes. Vam tenir un debat al respecte i ens va semblar que alguns dels nostres alumnes podrien quedar-ne exclosos per dificultats de connexi\u00f3. Vam acordar fer-ho a tall individual i segons demanda. Aquests dies en torn\u00e0vem a parlar, sabem que molts infants estan desmotivats i pensem com podr\u00edem ajudar. S\u2019hi afegeix que hem rebut tamb\u00e9 la demanda d\u2019algun grup classe. I per tant, hem acordat fer videotrucades a nivell de grups classe. L\u2019objectiu \u00e9s veure\u2019ns, parlar, compartir experi\u00e8ncies, preocupacions&#8230; i \u00e9s opcional. No volem en cap cas que a cap fam\u00edlia se li faci una c\u00e0rrega haver d\u2019assistir a una videoconfer\u00e8ncia si a nivell d\u2019organitzaci\u00f3 familiar no es pot. Per\u00f2 \u00e9s cert que ens agradaria molt poder veure a tots els nens i nenes de l\u2019escola, tan de bo sigui aix\u00ed! Dilluns 18 de maig la mare\/pare delegat\/da rebr\u00e0 per whatsapp l\u2019enlla\u00e7 i l\u2019horari del seu grup per connectar-se. Per facilitar la conciliaci\u00f3 familiar oferim possibilitat de mat\u00ed o tarda. El dimarts 19 de maig s\u2019iniciarem les videoconfer\u00e8ncies.<br \/>\nMolta salut a tots i totes ??<\/p>\n<p>Per fer les videotrucades ho farem a trav\u00e9s de Hangouts meet. Us hem preparat un tutorial per ajudar-vos, en cas que ho necessiteu, a tenir-ho tot apunt per la propera setmana.<\/p>\n<p><a href=\"https:\/\/drive.google.com\/file\/d\/1HBksGtfXbfHMizEiMVjAehq_LB8FwYIY\/view?usp=sharing\">Tutorial per accedir a videotrucades de Google meet<\/a><\/p>\n","protected":false},"excerpt":{"rendered":"<p>Benvolgudes fam\u00edlies,<a href=\"https:\/\/agora.xtec.cat\/escolalavilapalamos\/wp-content\/uploads\/usu897\/2020\/05\/Zoom_Alternatives.png\"><\/a><br \/>\nJa fa dos mesos que estem sense escola. Hem anat encarant aquesta situaci\u00f3 de la millor manera possible. Amb molts dubtes, ja que \u00e9s una situaci\u00f3 nova i desconeguda per a tots. A l\u2019inici del 3r trimestre ens vam plantejar la possibilitat de&hellip;  <a href=\"https:\/\/agora.xtec.cat\/escolalavilapalamos\/general\/videoconferencies-amb-els-grups-classe\/\" title=\"Read Videoconfer\u00e8ncies amb els grups-classe\">Llegeix m\u00e9s\u00bb<\/a><\/p>\n","protected":false},"author":1,"featured_media":7788,"comment_status":"open","ping_status":"closed","sticky":false,"template":"","format":"standard","meta":{"_bbp_topic_count":0,"_bbp_reply_count":0,"_bbp_total_topic_count":0,"_bbp_total_reply_count":0,"_bbp_voice_count":0,"_bbp_anonymous_reply_count":0,"_bbp_topic_count_hidden":0,"_bbp_reply_count_hidden":0,"_bbp_forum_subforum_count":0,"footnotes":""},"categories":[128,127,2,1,4],"tags":[],"class_list":["post-7787","post","type-post","status-publish","format-standard","has-post-thumbnail","hentry","category-comunitat-de-grans","category-comunitat-de-mitjans","category-infantil","category-general","category-portada"],"post_mailing_queue_ids":[],"_links":{"self":[{"href":"https:\/\/agora.xtec.cat\/escolalavilapalamos\/wp-json\/wp\/v2\/posts\/7787","targetHints":{"allow":["GET"]}}],"collection":[{"href":"https:\/\/agora.xtec.cat\/escolalavilapalamos\/wp-json\/wp\/v2\/posts"}],"about":[{"href":"https:\/\/agora.xtec.cat\/escolalavilapalamos\/wp-json\/wp\/v2\/types\/post"}],"author":[{"embeddable":true,"href":"https:\/\/agora.xtec.cat\/escolalavilapalamos\/wp-json\/wp\/v2\/users\/1"}],"replies":[{"embeddable":true,"href":"https:\/\/agora.xtec.cat\/escolalavilapalamos\/wp-json\/wp\/v2\/comments?post=7787"}],"version-history":[{"count":2,"href":"https:\/\/agora.xtec.cat\/escolalavilapalamos\/wp-json\/wp\/v2\/posts\/7787\/revisions"}],"predecessor-version":[{"id":7793,"href":"https:\/\/agora.xtec.cat\/escolalavilapalamos\/wp-json\/wp\/v2\/posts\/7787\/revisions\/7793"}],"wp:featuredmedia":[{"embeddable":true,"href":"https:\/\/agora.xtec.cat\/escolalavilapalamos\/wp-json\/wp\/v2\/media\/7788"}],"wp:attachment":[{"href":"https:\/\/agora.xtec.cat\/escolalavilapalamos\/wp-json\/wp\/v2\/media?parent=7787"}],"wp:term":[{"taxonomy":"category","embeddable":true,"href":"https:\/\/agora.xtec.cat\/escolalavilapalamos\/wp-json\/wp\/v2\/categories?post=7787"},{"taxonomy":"post_tag","embeddable":true,"href":"https:\/\/agora.xtec.cat\/escolalavilapalamos\/wp-json\/wp\/v2\/tags?post=7787"}],"curies":[{"name":"wp","href":"https:\/\/api.w.org\/{rel}","templated":true}]}}