{"id":7763,"date":"2020-05-08T22:19:23","date_gmt":"2020-05-08T20:19:23","guid":{"rendered":"http:\/\/agora.xtec.cat\/escolalavilapalamos\/?p=7763"},"modified":"2020-05-08T22:19:23","modified_gmt":"2020-05-08T20:19:23","slug":"lescola-a-casa","status":"publish","type":"post","link":"https:\/\/agora.xtec.cat\/escolalavilapalamos\/general\/lescola-a-casa\/","title":{"rendered":"L&#8217;escola a casa"},"content":{"rendered":"<p><strong>Dimarts 14 d&#8217;abril comen\u00e7a el tercer trimestre.<\/strong> Encara no podem tornar a l&#8217;escola.<\/p>\n<p><a href=\"https:\/\/sites.google.com\/xtec.cat\/lavila\/p%C3%A0gina-principal\"><img loading=\"lazy\" decoding=\"async\" class=\"wp-image-7659 alignright\" src=\"https:\/\/agora.xtec.cat\/escolalavilapalamos\/wp-content\/uploads\/usu897\/2020\/03\/Escola-a-casa.jpg\" alt=\"\" width=\"300\" height=\"165\" srcset=\"https:\/\/agora.xtec.cat\/escolalavilapalamos\/wp-content\/uploads\/usu897\/2020\/03\/Escola-a-casa.jpg 364w, https:\/\/agora.xtec.cat\/escolalavilapalamos\/wp-content\/uploads\/usu897\/2020\/03\/Escola-a-casa-300x165.jpg 300w\" sizes=\"auto, (max-width: 300px) 100vw, 300px\" \/><\/a>Per tant \u00e9s un trimestre virtual i caldr\u00e0 treballar des de casa. Per aquest motiu hem creat una web que porta per t\u00edtol <strong>L&#8217;escola a casa<\/strong>.<\/p>\n<p>Les\/els mestres han planificat tasques per cada setmana. Podreu seguir-les per cursos i podreu enviar la feina als mestres. Trobareu tamb\u00e9 a la web els emails de tots els\/les mestres del centre.<\/p>\n<p><strong>Clica a la imatge<\/strong> de <em>l&#8217;Escola a casa<\/em> per saber quines activitats i propostes has de fer per cada curs.<\/p>\n<p><iframe loading=\"lazy\" src=\"\/\/www.youtube.com\/embed\/brCUF2Wc78Q\" width=\"560\" height=\"314\" data-mce-fragment=\"1\"><\/iframe><\/p>\n","protected":false},"excerpt":{"rendered":"<p>Dimarts 14 d&#8217;abril comen\u00e7a el tercer trimestre. Encara no podem tornar a l&#8217;escola.<br \/>\n<a href=\"https:\/\/sites.google.com\/xtec.cat\/lavila\/p%C3%A0gina-principal\"><\/a>Per tant \u00e9s un trimestre virtual i caldr\u00e0 treballar des de casa. Per aquest motiu hem creat una web que porta per t\u00edtol L&#8217;escola a casa.<br \/>\nLes\/els mestres han planificat tasques per cada&hellip;  <a href=\"https:\/\/agora.xtec.cat\/escolalavilapalamos\/general\/lescola-a-casa\/\" title=\"Read L&#8217;escola a casa\">Llegeix m\u00e9s\u00bb<\/a><\/p>\n","protected":false},"author":1,"featured_media":7659,"comment_status":"open","ping_status":"closed","sticky":false,"template":"","format":"standard","meta":{"_bbp_topic_count":0,"_bbp_reply_count":0,"_bbp_total_topic_count":0,"_bbp_total_reply_count":0,"_bbp_voice_count":0,"_bbp_anonymous_reply_count":0,"_bbp_topic_count_hidden":0,"_bbp_reply_count_hidden":0,"_bbp_forum_subforum_count":0,"footnotes":""},"categories":[128,127,2,1,4],"tags":[],"class_list":["post-7763","post","type-post","status-publish","format-standard","has-post-thumbnail","hentry","category-comunitat-de-grans","category-comunitat-de-mitjans","category-infantil","category-general","category-portada"],"post_mailing_queue_ids":[],"_links":{"self":[{"href":"https:\/\/agora.xtec.cat\/escolalavilapalamos\/wp-json\/wp\/v2\/posts\/7763","targetHints":{"allow":["GET"]}}],"collection":[{"href":"https:\/\/agora.xtec.cat\/escolalavilapalamos\/wp-json\/wp\/v2\/posts"}],"about":[{"href":"https:\/\/agora.xtec.cat\/escolalavilapalamos\/wp-json\/wp\/v2\/types\/post"}],"author":[{"embeddable":true,"href":"https:\/\/agora.xtec.cat\/escolalavilapalamos\/wp-json\/wp\/v2\/users\/1"}],"replies":[{"embeddable":true,"href":"https:\/\/agora.xtec.cat\/escolalavilapalamos\/wp-json\/wp\/v2\/comments?post=7763"}],"version-history":[{"count":1,"href":"https:\/\/agora.xtec.cat\/escolalavilapalamos\/wp-json\/wp\/v2\/posts\/7763\/revisions"}],"predecessor-version":[{"id":7764,"href":"https:\/\/agora.xtec.cat\/escolalavilapalamos\/wp-json\/wp\/v2\/posts\/7763\/revisions\/7764"}],"wp:featuredmedia":[{"embeddable":true,"href":"https:\/\/agora.xtec.cat\/escolalavilapalamos\/wp-json\/wp\/v2\/media\/7659"}],"wp:attachment":[{"href":"https:\/\/agora.xtec.cat\/escolalavilapalamos\/wp-json\/wp\/v2\/media?parent=7763"}],"wp:term":[{"taxonomy":"category","embeddable":true,"href":"https:\/\/agora.xtec.cat\/escolalavilapalamos\/wp-json\/wp\/v2\/categories?post=7763"},{"taxonomy":"post_tag","embeddable":true,"href":"https:\/\/agora.xtec.cat\/escolalavilapalamos\/wp-json\/wp\/v2\/tags?post=7763"}],"curies":[{"name":"wp","href":"https:\/\/api.w.org\/{rel}","templated":true}]}}