{"id":7753,"date":"2020-05-08T17:22:55","date_gmt":"2020-05-08T15:22:55","guid":{"rendered":"http:\/\/agora.xtec.cat\/escolalavilapalamos\/?p=7753"},"modified":"2020-05-25T13:43:03","modified_gmt":"2020-05-25T11:43:03","slug":"piscina-de-2n","status":"publish","type":"post","link":"https:\/\/agora.xtec.cat\/escolalavilapalamos\/general\/piscina-de-2n\/","title":{"rendered":"Piscina de 2n"},"content":{"rendered":"<p><img loading=\"lazy\" decoding=\"async\" class=\"alignleft\" src=\"https:\/\/i.pinimg.com\/564x\/38\/82\/1c\/38821c681cd2a6ebac132a92b508eea1.jpg\" alt=\"...\" width=\"212\" height=\"210\" \/><\/p>\n<p>Com cada any els alumnes de 2n dins de l&#8217;\u00e0rea d&#8217; Educaci\u00f3 F\u00edsica fan un curs a la piscina mancomunada Mes Gavarres, aquest any han estat 8 sessions on han gaudit molt de l&#8217;activitat en el medi aqu\u00e0tic. Teniu les fotografies perqu\u00e8 li doneu un cop d&#8217;ull.<\/p>\n<p><a href=\"https:\/\/photos.app.goo.gl\/G127Q1cqnhrNmSd89\">Clica aqu\u00ed per veure totes les fotos<\/a><\/p>\n<p>&nbsp;<\/p>\n<p><img loading=\"lazy\" decoding=\"async\" class=\"alignleft\" src=\"https:\/\/lh3.googleusercontent.com\/Z2yM2cmmJTzZGUCu5PomZd7F0zsDlkB6cC8VFukSuy0cU7Arvjlh2p1I2MFh4y3wL-bF-aoun8Rp4Hc2ucUifsdLNXhCshyIHUYN4tC1iTa5kgVdSu0Kk4BkrRi9Cjm593_lw3iLuAdd1F0F3fPteNB7GIB-cOyIlrLRZ78QX0cb0Z7erlAcBw_nkwV0lVyC3E1KxGC-hSEZlhfIhTyUzZ6zZdGw_DmPW1BueO-drpKpPuoQUcCE020ftRSqRo-OiAkk2bjIxHk4VA6-BSOvu-CI-LbmWryde9f8uwH1b9qBHb-I_8VKP-fNK6s6LXKp4rk5VHSasEOXNoXiKF3rfx0zRE0qMDiN3nxq7ZsDTUj9tf-dZLXt2plX5FaoX_1UT5M1px5CckPfX9DEM6rpZ9kKNnuza4reDaKNEji73YUsUV3HsNoevV6hPcNCKVvCGCr1xOS9upbiUhOqaXcxPovJGf0frdmFSgPLHoCXgjNNjjqGGjTs9BfIxHHRuH4k-wGCiUy4j69KLA1upmhmQS2W3o3Y1EdBQx8GdLpm7XyIn851MBH5xytgjecX2j1L-0R8vJXt2bFX_9RQNyxy81_SwmhsxF3PYnFY64T7nafCjcXSrMUQCPmezHTi7Iw1ka7o_7IV_Kn2mFVwdsuSTasLMFQu23uLslUIfwsWiUdrzKIcWh4bn1IjDIW2OGgY7J0zAekOKUUCiJ-13-oO0t70-aEv-7NRkQqsRUPfGfxVzRs1G-I1J9E=w876-h657-no\" alt=\"\" width=\"243\" height=\"182\" \/><img loading=\"lazy\" decoding=\"async\" class=\"alignleft\" src=\"https:\/\/lh3.googleusercontent.com\/3StLjmbonCrlag_1LuUVcXM1WrgNVEH-BuhHuEqVXK4J-TnL8cJn5eRG1tZe2VGJ8-vYIsFOcalcwDgHQQa4EZwnBo02ux-UZVW9JGnott3RsNnFaGiegjCL_Gg8R62n6AdDhA-lfmc7wdOnYWcIvjIOadSEDTaVh5ZOwijej6BDKRXlMSZJiJ87EDDsSvngbEsXTYwsESNZCrSOp44SM_gUc7qgiyZuNKUIJL86mqnQLzuKppueZiKfz81wjRzJmEHo7HVqNJ_RZVRou-YEUdQl2a-xZuOE2GmwupaASYvvzBnVq2kMREZj4_sCpZoED5lGI4-_lfiT98Yqmqr6s0L3FTtbGRCzoIvpttBM-t6FmsyzM-Pi-R5FbrN-ZmtaCWBOBHONEc6ZL3g_JQOfa8IIji-dvIkCVUPOOajLLOUVvhsQ-nsJnbjk0AXcEoJcF6AtbU_dx2XmfNyyVkyeWkzQi2OYivMHXZN6peA-aOAY5oMnqZcaas-vw2qlkSiK8BkrwpFvUtSyEtlbnyotpjLTrPL7MRZsxQlul7fMjv_CFx0OIUfCB1GDoXWOLG4U0z32EbPY72x4Ii07Fce-JiHmK9Oej5szPAJOwNF-H_IBEsIncTQK8qZzz8iXkMfJ26Fy35sKhAFqc1xWo5_mqRxNVi5xcnHWTzQyHE-ZJRxyyv_sJNh8HwSWSLpmvOWybqQXLTGRFY8mVsNdv7NgoKarNBvQ8_uAPcJn2GtU1u_1_5nL3P1cEgo=w876-h657-no\" alt=\"\" width=\"246\" height=\"185\" \/><\/p>\n","protected":false},"excerpt":{"rendered":"<p>Com cada any els alumnes de 2n dins de l&#8217;\u00e0rea d&#8217; Educaci\u00f3 F\u00edsica fan un curs a la piscina mancomunada Mes Gavarres, aquest any han estat 8 sessions on han gaudit molt de l&#8217;activitat en el medi aqu\u00e0tic. Teniu les fotografies perqu\u00e8 li doneu un&hellip;  <a href=\"https:\/\/agora.xtec.cat\/escolalavilapalamos\/general\/piscina-de-2n\/\" title=\"Read Piscina de 2n\">Llegeix m\u00e9s\u00bb<\/a><\/p>\n","protected":false},"author":46,"featured_media":7761,"comment_status":"open","ping_status":"closed","sticky":false,"template":"","format":"standard","meta":{"_bbp_topic_count":0,"_bbp_reply_count":0,"_bbp_total_topic_count":0,"_bbp_total_reply_count":0,"_bbp_voice_count":0,"_bbp_anonymous_reply_count":0,"_bbp_topic_count_hidden":0,"_bbp_reply_count_hidden":0,"_bbp_forum_subforum_count":0,"footnotes":""},"categories":[127,1,4,5],"tags":[],"class_list":["post-7753","post","type-post","status-publish","format-standard","has-post-thumbnail","hentry","category-comunitat-de-mitjans","category-general","category-portada","category-primaria"],"post_mailing_queue_ids":[],"_links":{"self":[{"href":"https:\/\/agora.xtec.cat\/escolalavilapalamos\/wp-json\/wp\/v2\/posts\/7753","targetHints":{"allow":["GET"]}}],"collection":[{"href":"https:\/\/agora.xtec.cat\/escolalavilapalamos\/wp-json\/wp\/v2\/posts"}],"about":[{"href":"https:\/\/agora.xtec.cat\/escolalavilapalamos\/wp-json\/wp\/v2\/types\/post"}],"author":[{"embeddable":true,"href":"https:\/\/agora.xtec.cat\/escolalavilapalamos\/wp-json\/wp\/v2\/users\/46"}],"replies":[{"embeddable":true,"href":"https:\/\/agora.xtec.cat\/escolalavilapalamos\/wp-json\/wp\/v2\/comments?post=7753"}],"version-history":[{"count":3,"href":"https:\/\/agora.xtec.cat\/escolalavilapalamos\/wp-json\/wp\/v2\/posts\/7753\/revisions"}],"predecessor-version":[{"id":7762,"href":"https:\/\/agora.xtec.cat\/escolalavilapalamos\/wp-json\/wp\/v2\/posts\/7753\/revisions\/7762"}],"wp:featuredmedia":[{"embeddable":true,"href":"https:\/\/agora.xtec.cat\/escolalavilapalamos\/wp-json\/wp\/v2\/media\/7761"}],"wp:attachment":[{"href":"https:\/\/agora.xtec.cat\/escolalavilapalamos\/wp-json\/wp\/v2\/media?parent=7753"}],"wp:term":[{"taxonomy":"category","embeddable":true,"href":"https:\/\/agora.xtec.cat\/escolalavilapalamos\/wp-json\/wp\/v2\/categories?post=7753"},{"taxonomy":"post_tag","embeddable":true,"href":"https:\/\/agora.xtec.cat\/escolalavilapalamos\/wp-json\/wp\/v2\/tags?post=7753"}],"curies":[{"name":"wp","href":"https:\/\/api.w.org\/{rel}","templated":true}]}}