{"id":7728,"date":"2020-04-23T16:49:16","date_gmt":"2020-04-23T14:49:16","guid":{"rendered":"http:\/\/agora.xtec.cat\/escolalavilapalamos\/?p=7728"},"modified":"2020-04-23T16:49:16","modified_gmt":"2020-04-23T14:49:16","slug":"espai-daprenentatge-construccions-gener-marc","status":"publish","type":"post","link":"https:\/\/agora.xtec.cat\/escolalavilapalamos\/general\/espai-daprenentatge-construccions-gener-marc\/","title":{"rendered":"Espai d&#8217;aprenentatge construccions gener-mar\u00e7"},"content":{"rendered":"<p>A continuaci\u00f3 us presentem un recull d&#8217;imatges de l&#8217;espai d&#8217;aprenentatge de construccions\u00a0 amb les propostes que es van realitzar de gener a mar\u00e7.<\/p>\n<p>Dins l&#8217;espai es presenten una s\u00e8rie de propostes on els infants lliurement van construint el seu propi coneixement a partir del joc i l&#8217;experimentaci\u00f3. Aix\u00ed doncs, podreu observar com fan construccions amb les peces de fusta i de cartr\u00f3, com dibuixen edificis i monuments de la seva vila, com fan creacions amb diversos jocs (engranatges, cargolar i descargolar, bambucchi, mandales imantades&#8230;), com experimenten i juguen a l&#8217;espai exterior amb els tubs, les rampes i les caixes, com juguen amb les casetes i com construeixen circuits per jugar amb els trens i els cotxes.<\/p>\n<p><iframe loading=\"lazy\" title=\"ESPAI D&#039;APRENENTATGE CONSTRUCCIONS (gener-mar\u00e7)\" width=\"500\" height=\"375\" src=\"https:\/\/www.youtube.com\/embed\/eMHc6rwtDws?start=7&#038;feature=oembed\" frameborder=\"0\" allow=\"accelerometer; autoplay; clipboard-write; encrypted-media; gyroscope; picture-in-picture; web-share\" referrerpolicy=\"strict-origin-when-cross-origin\" allowfullscreen><\/iframe><\/p>\n","protected":false},"excerpt":{"rendered":"<p>A continuaci\u00f3 us presentem un recull d&#8217;imatges de l&#8217;espai d&#8217;aprenentatge de construccions\u00a0 amb les propostes que es van realitzar de gener a mar\u00e7.<br \/>\nDins l&#8217;espai es presenten una s\u00e8rie de propostes on els infants lliurement van construint el seu propi coneixement a partir del joc i&hellip;  <a href=\"https:\/\/agora.xtec.cat\/escolalavilapalamos\/general\/espai-daprenentatge-construccions-gener-marc\/\" title=\"Read Espai d&#8217;aprenentatge construccions gener-mar\u00e7\">Llegeix m\u00e9s\u00bb<\/a><\/p>\n","protected":false},"author":128,"featured_media":0,"comment_status":"open","ping_status":"closed","sticky":false,"template":"","format":"standard","meta":{"_bbp_topic_count":0,"_bbp_reply_count":0,"_bbp_total_topic_count":0,"_bbp_total_reply_count":0,"_bbp_voice_count":0,"_bbp_anonymous_reply_count":0,"_bbp_topic_count_hidden":0,"_bbp_reply_count_hidden":0,"_bbp_forum_subforum_count":0,"footnotes":""},"categories":[2,1,4],"tags":[],"class_list":["post-7728","post","type-post","status-publish","format-standard","hentry","category-infantil","category-general","category-portada"],"post_mailing_queue_ids":[],"_links":{"self":[{"href":"https:\/\/agora.xtec.cat\/escolalavilapalamos\/wp-json\/wp\/v2\/posts\/7728","targetHints":{"allow":["GET"]}}],"collection":[{"href":"https:\/\/agora.xtec.cat\/escolalavilapalamos\/wp-json\/wp\/v2\/posts"}],"about":[{"href":"https:\/\/agora.xtec.cat\/escolalavilapalamos\/wp-json\/wp\/v2\/types\/post"}],"author":[{"embeddable":true,"href":"https:\/\/agora.xtec.cat\/escolalavilapalamos\/wp-json\/wp\/v2\/users\/128"}],"replies":[{"embeddable":true,"href":"https:\/\/agora.xtec.cat\/escolalavilapalamos\/wp-json\/wp\/v2\/comments?post=7728"}],"version-history":[{"count":3,"href":"https:\/\/agora.xtec.cat\/escolalavilapalamos\/wp-json\/wp\/v2\/posts\/7728\/revisions"}],"predecessor-version":[{"id":7732,"href":"https:\/\/agora.xtec.cat\/escolalavilapalamos\/wp-json\/wp\/v2\/posts\/7728\/revisions\/7732"}],"wp:attachment":[{"href":"https:\/\/agora.xtec.cat\/escolalavilapalamos\/wp-json\/wp\/v2\/media?parent=7728"}],"wp:term":[{"taxonomy":"category","embeddable":true,"href":"https:\/\/agora.xtec.cat\/escolalavilapalamos\/wp-json\/wp\/v2\/categories?post=7728"},{"taxonomy":"post_tag","embeddable":true,"href":"https:\/\/agora.xtec.cat\/escolalavilapalamos\/wp-json\/wp\/v2\/tags?post=7728"}],"curies":[{"name":"wp","href":"https:\/\/api.w.org\/{rel}","templated":true}]}}