{"id":7700,"date":"2020-04-06T20:16:21","date_gmt":"2020-04-06T18:16:21","guid":{"rendered":"http:\/\/agora.xtec.cat\/escolalavilapalamos\/?p=7700"},"modified":"2020-04-09T15:24:33","modified_gmt":"2020-04-09T13:24:33","slug":"setmana-santa-a-lescola","status":"publish","type":"post","link":"https:\/\/agora.xtec.cat\/escolalavilapalamos\/general\/setmana-santa-a-lescola\/","title":{"rendered":"Setmana santa a l&#8217;escola"},"content":{"rendered":"<div style=\"color: #222222; font-family: Arial, Helvetica, sans-serif; font-size: small; font-style: normal; font-variant-ligatures: normal; font-variant-caps: normal; font-weight: 400; letter-spacing: normal; orphans: 2; text-align: start; text-indent: 0px; text-transform: none; white-space: normal; widows: 2; word-spacing: 0px; -webkit-text-stroke-width: 0px; background-color: #ffffff; text-decoration-style: initial; text-decoration-color: initial;\"><span style=\"font-family: garamond, times new roman, serif; font-size: large;\">Benvolgudes fam\u00edlies, <a href=\"https:\/\/agora.xtec.cat\/escolalavilapalamos\/wp-content\/uploads\/usu897\/2020\/04\/shutterstock_173946122.jpg\"><img loading=\"lazy\" decoding=\"async\" class=\" wp-image-7701 alignright\" src=\"https:\/\/agora.xtec.cat\/escolalavilapalamos\/wp-content\/uploads\/usu897\/2020\/04\/shutterstock_173946122.jpg\" alt=\"\" width=\"342\" height=\"250\" srcset=\"https:\/\/agora.xtec.cat\/escolalavilapalamos\/wp-content\/uploads\/usu897\/2020\/04\/shutterstock_173946122.jpg 500w, https:\/\/agora.xtec.cat\/escolalavilapalamos\/wp-content\/uploads\/usu897\/2020\/04\/shutterstock_173946122-300x219.jpg 300w\" sizes=\"auto, (max-width: 342px) 100vw, 342px\" \/><\/a><\/span><\/div>\n<div style=\"color: #222222; font-family: Arial, Helvetica, sans-serif; font-size: small; font-style: normal; font-variant-ligatures: normal; font-variant-caps: normal; font-weight: 400; letter-spacing: normal; orphans: 2; text-align: start; text-indent: 0px; text-transform: none; white-space: normal; widows: 2; word-spacing: 0px; -webkit-text-stroke-width: 0px; background-color: #ffffff; text-decoration-style: initial; text-decoration-color: initial;\"><span style=\"font-family: garamond, times new roman, serif; font-size: large;\">\u00a0<\/span><\/div>\n<div style=\"color: #222222; font-family: Arial, Helvetica, sans-serif; font-size: small; font-style: normal; font-variant-ligatures: normal; font-variant-caps: normal; font-weight: 400; letter-spacing: normal; orphans: 2; text-align: start; text-indent: 0px; text-transform: none; white-space: normal; widows: 2; word-spacing: 0px; -webkit-text-stroke-width: 0px; background-color: #ffffff; text-decoration-style: initial; text-decoration-color: initial;\"><span style=\"font-family: garamond, times new roman, serif; font-size: large;\">divendres passat va fer tres setmanes que<b>\u00a0l&#8217;escola \u00e9s tancada\u00a0<\/b>i que estem confinats a casa. Cal valorar, abans de tot, el gran esfor\u00e7 i la paci\u00e8ncia que esteu fent les fam\u00edlies i especial els\/les vostres fills\/es\u00a0aquests dies. Realment s\u00f3n uns dies que ens estan ensenyant a tots a valorar el que \u00e9s realment important.<\/span><\/div>\n<div style=\"color: #222222; font-family: Arial, Helvetica, sans-serif; font-size: small; font-style: normal; font-variant-ligatures: normal; font-variant-caps: normal; font-weight: 400; letter-spacing: normal; orphans: 2; text-align: start; text-indent: 0px; text-transform: none; white-space: normal; widows: 2; word-spacing: 0px; -webkit-text-stroke-width: 0px; background-color: #ffffff; text-decoration-style: initial; text-decoration-color: initial;\"><span style=\"font-family: garamond, 'times new roman', serif; font-size: large;\">Segons el mitjans de comunicaci\u00f3 el confinament s&#8217;allarga fins el proper 26 d&#8217;abril o m\u00e9s enll\u00e0.\u00a0<\/span><\/div>\n<div style=\"color: #222222; font-family: Arial, Helvetica, sans-serif; font-size: small; font-style: normal; font-variant-ligatures: normal; font-variant-caps: normal; font-weight: 400; letter-spacing: normal; orphans: 2; text-align: start; text-indent: 0px; text-transform: none; white-space: normal; widows: 2; word-spacing: 0px; -webkit-text-stroke-width: 0px; background-color: #ffffff; text-decoration-style: initial; text-decoration-color: initial;\"><span style=\"font-family: garamond, 'times new roman', serif; font-size: large;\">\u00a0<\/span><\/div>\n<div style=\"color: #222222; font-family: Arial, Helvetica, sans-serif; font-size: small; font-style: normal; font-variant-ligatures: normal; font-variant-caps: normal; font-weight: 400; letter-spacing: normal; orphans: 2; text-align: start; text-indent: 0px; text-transform: none; white-space: normal; widows: 2; word-spacing: 0px; -webkit-text-stroke-width: 0px; background-color: #ffffff; text-decoration-style: initial; text-decoration-color: initial;\"><span style=\"font-family: garamond, 'times new roman', serif; font-size: large;\"><b>Aquesta setmana \u00e9s setmana santa, i segons l&#8217;horari escolar no \u00e9s lectiva.<\/b>\u00a0Des de La Vila us hem anat enviant propostes pedag\u00f2giques per fer amb els alumnes. Si les voleu recuperar les trobareu en els seg\u00fcents enlla\u00e7os a la web del centre. Val a dir que, totes les propostes i iniciatives d&#8217;aquests dies segueixen estricatament les directrius del Departament d&#8217;Educaci\u00f3. El departament ens marca que no podem augmentar els continguts curriculars sin\u00f3 fer propostes de continguts treballats fins ara a l&#8217;escola.\u00a0<\/span><\/div>\n<div style=\"color: #222222; font-family: Arial, Helvetica, sans-serif; font-size: small; font-style: normal; font-variant-ligatures: normal; font-variant-caps: normal; font-weight: 400; letter-spacing: normal; orphans: 2; text-align: start; text-indent: 0px; text-transform: none; white-space: normal; widows: 2; word-spacing: 0px; -webkit-text-stroke-width: 0px; background-color: #ffffff; text-decoration-style: initial; text-decoration-color: initial;\"><span style=\"font-family: garamond, 'times new roman', serif; font-size: large;\">Fins ara han estat propostes amb un gran seguiment per part de la majoria dels alumnes i fam\u00edlies.<\/span><\/div>\n<div style=\"color: #222222; font-family: Arial, Helvetica, sans-serif; font-size: small; font-style: normal; font-variant-ligatures: normal; font-variant-caps: normal; font-weight: 400; letter-spacing: normal; orphans: 2; text-align: start; text-indent: 0px; text-transform: none; white-space: normal; widows: 2; word-spacing: 0px; -webkit-text-stroke-width: 0px; background-color: #ffffff; text-decoration-style: initial; text-decoration-color: initial;\"><\/div>\n<div style=\"color: #222222; font-family: Arial, Helvetica, sans-serif; font-size: small; font-style: normal; font-variant-ligatures: normal; font-variant-caps: normal; font-weight: 400; letter-spacing: normal; orphans: 2; text-align: start; text-indent: 0px; text-transform: none; white-space: normal; widows: 2; word-spacing: 0px; -webkit-text-stroke-width: 0px; background-color: #ffffff; text-decoration-style: initial; text-decoration-color: initial;\"><span style=\"font-family: garamond, times new roman, serif; font-size: large;\"><a style=\"color: #1155cc;\" href=\"https:\/\/agora.xtec.cat\/escolalavilapalamos\/general\/recomanacions-de-tasques\/\" target=\"_blank\" rel=\"noopener noreferrer\" data-saferedirecturl=\"https:\/\/www.google.com\/url?q=https:\/\/agora.xtec.cat\/escolalavilapalamos\/general\/recomanacions-de-tasques\/&amp;source=gmail&amp;ust=1586282803559000&amp;usg=AFQjCNFXlPukNwmfa_QqhdMJ4g9UiNyDSw\">Recomanacions de tasques<\/a><\/span><\/div>\n<div style=\"color: #222222; font-family: Arial, Helvetica, sans-serif; font-size: small; font-style: normal; font-variant-ligatures: normal; font-variant-caps: normal; font-weight: 400; letter-spacing: normal; orphans: 2; text-align: start; text-indent: 0px; text-transform: none; white-space: normal; widows: 2; word-spacing: 0px; -webkit-text-stroke-width: 0px; background-color: #ffffff; text-decoration-style: initial; text-decoration-color: initial;\"><a style=\"color: #1155cc;\" href=\"https:\/\/agora.xtec.cat\/escolalavilapalamos\/general\/mes-propostes-i-recursos-per-les-families-de-lescola-la-vila\/\" target=\"_blank\" rel=\"noopener noreferrer\" data-saferedirecturl=\"https:\/\/www.google.com\/url?q=https:\/\/agora.xtec.cat\/escolalavilapalamos\/general\/mes-propostes-i-recursos-per-les-families-de-lescola-la-vila\/&amp;source=gmail&amp;ust=1586282803559000&amp;usg=AFQjCNGiqOA7vM5EbOiYCva1T2F3IqZ0iQ\"><span style=\"font-family: garamond, 'times new roman', serif; font-size: large;\">M\u00e9s propostes i recursos per les fam\u00edlies de\u00a0<\/span>l\u2019Escola<span style=\"font-family: garamond, 'times new roman', serif; font-size: large;\">\u00a0La Vila<\/span><\/a><\/div>\n<div style=\"color: #222222; font-family: Arial, Helvetica, sans-serif; font-size: small; font-style: normal; font-variant-ligatures: normal; font-variant-caps: normal; font-weight: 400; letter-spacing: normal; orphans: 2; text-align: start; text-indent: 0px; text-transform: none; white-space: normal; widows: 2; word-spacing: 0px; -webkit-text-stroke-width: 0px; background-color: #ffffff; text-decoration-style: initial; text-decoration-color: initial;\"><span style=\"font-family: garamond, 'times new roman', serif; font-size: large;\"><a style=\"color: #1155cc;\" href=\"https:\/\/agora.xtec.cat\/escolalavilapalamos\/general\/que-fas-a-casa-aquests-dies\/\" target=\"_blank\" rel=\"noopener noreferrer\" data-saferedirecturl=\"https:\/\/www.google.com\/url?q=https:\/\/agora.xtec.cat\/escolalavilapalamos\/general\/que-fas-a-casa-aquests-dies\/&amp;source=gmail&amp;ust=1586282803559000&amp;usg=AFQjCNHA_1HwD26jiaJ9-ZwazYQANNGdAw\">Qu\u00e8 fas a casa aquests dies ?<\/a><\/span><\/div>\n<div style=\"color: #222222; font-family: Arial, Helvetica, sans-serif; font-size: small; font-style: normal; font-variant-ligatures: normal; font-variant-caps: normal; font-weight: 400; letter-spacing: normal; orphans: 2; text-align: start; text-indent: 0px; text-transform: none; white-space: normal; widows: 2; word-spacing: 0px; -webkit-text-stroke-width: 0px; background-color: #ffffff; text-decoration-style: initial; text-decoration-color: initial;\"><\/div>\n<div style=\"color: #222222; font-family: Arial, Helvetica, sans-serif; font-size: small; font-style: normal; font-variant-ligatures: normal; font-variant-caps: normal; font-weight: 400; letter-spacing: normal; orphans: 2; text-align: start; text-indent: 0px; text-transform: none; white-space: normal; widows: 2; word-spacing: 0px; -webkit-text-stroke-width: 0px; background-color: #ffffff; text-decoration-style: initial; text-decoration-color: initial;\"><span style=\"font-family: garamond, times new roman, serif; font-size: large;\">Alhora us recomanem que repasseu totes les not\u00edcies de la web\u00a0<a style=\"color: #1155cc;\" href=\"http:\/\/www.escolalavila.cat\/\" target=\"_blank\" rel=\"noopener noreferrer\" data-saferedirecturl=\"https:\/\/www.google.com\/url?q=http:\/\/www.escolalavila.cat&amp;source=gmail&amp;ust=1586282803559000&amp;usg=AFQjCNGjApX037_Ck-Md3u2Uy3Hh1mu5yQ\">www.escolalavila.cat<\/a>, i\u00a0\/o ens seguiu a les xarxes socials\u00a0<a style=\"color: #1155cc;\" href=\"https:\/\/www.facebook.com\/escola.lavilapalamos\" target=\"_blank\" rel=\"noopener noreferrer\" data-saferedirecturl=\"https:\/\/www.google.com\/url?q=https:\/\/www.facebook.com\/escola.lavilapalamos&amp;source=gmail&amp;ust=1586282803559000&amp;usg=AFQjCNE3Pn2dFUmvYXRjxrSZ5T3p5a-UgQ\">facebook<\/a>,\u00a0<a style=\"color: #1155cc;\" href=\"https:\/\/twitter.com\/EscolalaVila\" target=\"_blank\" rel=\"noopener noreferrer\" data-saferedirecturl=\"https:\/\/www.google.com\/url?q=https:\/\/twitter.com\/EscolalaVila&amp;source=gmail&amp;ust=1586282803559000&amp;usg=AFQjCNGcqGY8yYuTSUFC9BSyXp-18R3WNA\">twitter<\/a>\u00a0i\u00a0<a style=\"color: #1155cc;\" href=\"https:\/\/www.instagram.com\/escolalavila\/\" target=\"_blank\" rel=\"noopener noreferrer\" data-saferedirecturl=\"https:\/\/www.google.com\/url?q=https:\/\/www.instagram.com\/escolalavila\/&amp;source=gmail&amp;ust=1586282803559000&amp;usg=AFQjCNFtden-4vkqJry6QW8ilPNXYkBC1A\">instagram<\/a>.<\/span><\/div>\n<div style=\"color: #222222; font-family: Arial, Helvetica, sans-serif; font-size: small; font-style: normal; font-variant-ligatures: normal; font-variant-caps: normal; font-weight: 400; letter-spacing: normal; orphans: 2; text-align: start; text-indent: 0px; text-transform: none; white-space: normal; widows: 2; word-spacing: 0px; -webkit-text-stroke-width: 0px; background-color: #ffffff; text-decoration-style: initial; text-decoration-color: initial;\"><span style=\"font-family: garamond, times new roman, serif; font-size: large;\">\u00a0<\/span><\/div>\n<div style=\"color: #222222; font-family: Arial, Helvetica, sans-serif; font-size: small; font-style: normal; font-variant-ligatures: normal; font-variant-caps: normal; font-weight: 400; letter-spacing: normal; orphans: 2; text-align: start; text-indent: 0px; text-transform: none; white-space: normal; widows: 2; word-spacing: 0px; -webkit-text-stroke-width: 0px; background-color: #ffffff; text-decoration-style: initial; text-decoration-color: initial;\"><span style=\"font-family: garamond, times new roman, serif; font-size: large;\"><b>El tercer trimestre comen\u00e7ar\u00e0 el proper dimarts 14 d&#8217;abril.<\/b>\u00a0Llavors trobareu noves propostes i activitats per comunitats i cursos en un nou espai de la web de l&#8217;escola.\u00a0<\/span><\/div>\n<div style=\"color: #222222; font-family: Arial, Helvetica, sans-serif; font-size: small; font-style: normal; font-variant-ligatures: normal; font-variant-caps: normal; font-weight: 400; letter-spacing: normal; orphans: 2; text-align: start; text-indent: 0px; text-transform: none; white-space: normal; widows: 2; word-spacing: 0px; -webkit-text-stroke-width: 0px; background-color: #ffffff; text-decoration-style: initial; text-decoration-color: initial;\"><span style=\"font-family: garamond, times new roman, serif; font-size: large;\">\u00a0<\/span><\/div>\n<div style=\"color: #222222; font-family: Arial, Helvetica, sans-serif; font-size: small; font-style: normal; font-variant-ligatures: normal; font-variant-caps: normal; font-weight: 400; letter-spacing: normal; orphans: 2; text-align: start; text-indent: 0px; text-transform: none; white-space: normal; widows: 2; word-spacing: 0px; -webkit-text-stroke-width: 0px; background-color: #ffffff; text-decoration-style: initial; text-decoration-color: initial;\"><span style=\"font-family: garamond, times new roman, serif; font-size: large;\"><b>Nom\u00e9s haureu de clicar aquest aquesta icona: <a href=\"https:\/\/agora.xtec.cat\/escolalavilapalamos\/wp-content\/uploads\/usu897\/2020\/03\/Escola-a-casa.jpg\"><img loading=\"lazy\" decoding=\"async\" class=\"wp-image-7659 alignright\" src=\"https:\/\/agora.xtec.cat\/escolalavilapalamos\/wp-content\/uploads\/usu897\/2020\/03\/Escola-a-casa.jpg\" alt=\"\" width=\"281\" height=\"155\" srcset=\"https:\/\/agora.xtec.cat\/escolalavilapalamos\/wp-content\/uploads\/usu897\/2020\/03\/Escola-a-casa.jpg 364w, https:\/\/agora.xtec.cat\/escolalavilapalamos\/wp-content\/uploads\/usu897\/2020\/03\/Escola-a-casa-300x165.jpg 300w\" sizes=\"auto, (max-width: 281px) 100vw, 281px\" \/><\/a><br \/>\n<\/b><\/span><\/div>\n<div style=\"color: #222222; font-family: Arial, Helvetica, sans-serif; font-size: small; font-style: normal; font-variant-ligatures: normal; font-variant-caps: normal; font-weight: 400; letter-spacing: normal; orphans: 2; text-align: start; text-indent: 0px; text-transform: none; white-space: normal; widows: 2; word-spacing: 0px; -webkit-text-stroke-width: 0px; background-color: #ffffff; text-decoration-style: initial; text-decoration-color: initial;\"><\/div>\n<div style=\"color: #222222; font-family: Arial, Helvetica, sans-serif; font-size: small; font-style: normal; font-variant-ligatures: normal; font-variant-caps: normal; font-weight: 400; letter-spacing: normal; orphans: 2; text-align: start; text-indent: 0px; text-transform: none; white-space: normal; widows: 2; word-spacing: 0px; -webkit-text-stroke-width: 0px; background-color: #ffffff; text-decoration-style: initial; text-decoration-color: initial;\">\n<div><\/div>\n<div><\/div>\n<div><span style=\"font-family: garamond, times new roman, serif; font-size: large;\">Les activitats i propostes seran setmanals i podr\u00e0 haver un retorn de tasques amb els alumnes. Tot aix\u00f2, ser\u00e0 a partir del proper dimarts 14 d&#8217;abril.\u00a0<b>Aquesta setmana \u00e9s de vacances pels vostres fills\/es .<\/b><\/span><\/div>\n<div><span style=\"font-family: garamond, times new roman, serif; font-size: large;\">\u00a0<\/span><\/div>\n<div><span style=\"font-family: garamond, times new roman, serif; font-size: large;\">Pel que tingueu ganes de noves iniciatives us recomanem per aquesta setmana els seg\u00fcents enlla\u00e7os:<\/span><\/div>\n<div><span style=\"font-family: garamond, times new roman, serif; font-size: large;\">\u00a0<\/span><\/div>\n<\/div>\n<div style=\"color: #222222; font-family: Arial, Helvetica, sans-serif; font-size: small; font-style: normal; font-variant-ligatures: normal; font-variant-caps: normal; font-weight: 400; letter-spacing: normal; orphans: 2; text-align: start; text-indent: 0px; text-transform: none; white-space: normal; widows: 2; word-spacing: 0px; -webkit-text-stroke-width: 0px; background-color: #ffffff; text-decoration-style: initial; text-decoration-color: initial;\"><span style=\"font-family: garamond, times new roman, serif; font-size: large;\"><a style=\"color: #1155cc;\" href=\"https:\/\/maresipares.cat\/\" target=\"_blank\" rel=\"noopener noreferrer\" data-saferedirecturl=\"https:\/\/www.google.com\/url?q=https:\/\/maresipares.cat\/&amp;source=gmail&amp;ust=1586282803559000&amp;usg=AFQjCNH3Y-fzwC--9VRlMOGJlGnfdBZ69A\">Mares i pares confinats<\/a><\/span><\/div>\n<div style=\"color: #222222; font-family: Arial, Helvetica, sans-serif; font-size: small; font-style: normal; font-variant-ligatures: normal; font-variant-caps: normal; font-weight: 400; letter-spacing: normal; orphans: 2; text-align: start; text-indent: 0px; text-transform: none; white-space: normal; widows: 2; word-spacing: 0px; -webkit-text-stroke-width: 0px; background-color: #ffffff; text-decoration-style: initial; text-decoration-color: initial;\"><span style=\"font-family: garamond, times new roman, serif; font-size: large;\"><a style=\"color: #1155cc;\" href=\"https:\/\/www.youtube.com\/channel\/UCYKSP5wYrCRKOW_Z8yO_rZg\" target=\"_blank\" rel=\"noopener noreferrer\" data-saferedirecturl=\"https:\/\/www.google.com\/url?q=https:\/\/www.youtube.com\/channel\/UCYKSP5wYrCRKOW_Z8yO_rZg&amp;source=gmail&amp;ust=1586282803559000&amp;usg=AFQjCNGm26nKqg0qLdcU9vPGDCTdDamokg\">contes per anar a dormir<\/a><\/span><\/div>\n<div style=\"color: #222222; font-family: Arial, Helvetica, sans-serif; font-size: small; font-style: normal; font-variant-ligatures: normal; font-variant-caps: normal; font-weight: 400; letter-spacing: normal; orphans: 2; text-align: start; text-indent: 0px; text-transform: none; white-space: normal; widows: 2; word-spacing: 0px; -webkit-text-stroke-width: 0px; background-color: #ffffff; text-decoration-style: initial; text-decoration-color: initial;\"><a style=\"color: #1155cc;\" href=\"https:\/\/www.youtube.com\/channel\/UCPTJVnqXyv4OgPQYhBLr-5A?view_as=subscriber\" target=\"_blank\" rel=\"noopener noreferrer\" data-saferedirecturl=\"https:\/\/www.google.com\/url?q=https:\/\/www.youtube.com\/channel\/UCPTJVnqXyv4OgPQYhBLr-5A?view_as%3Dsubscriber&amp;source=gmail&amp;ust=1586282803559000&amp;usg=AFQjCNF-s3VVD3Ry562ETx-eODIt4JqafA\"><span style=\"font-family: garamond, times new roman, serif; font-size: large;\">booktubers confinats<\/span><\/a><\/div>\n<div style=\"color: #222222; font-family: Arial, Helvetica, sans-serif; font-size: small; font-style: normal; font-variant-ligatures: normal; font-variant-caps: normal; font-weight: 400; letter-spacing: normal; orphans: 2; text-align: start; text-indent: 0px; text-transform: none; white-space: normal; widows: 2; word-spacing: 0px; -webkit-text-stroke-width: 0px; background-color: #ffffff; text-decoration-style: initial; text-decoration-color: initial;\"><a style=\"color: #1155cc;\" href=\"https:\/\/barcelona.lagranja.top\/ca\/activitats\/per-a-families\/emocional-online-families\/\" target=\"_blank\" rel=\"noopener noreferrer\" data-saferedirecturl=\"https:\/\/www.google.com\/url?q=https:\/\/barcelona.lagranja.top\/ca\/activitats\/per-a-families\/emocional-online-families\/&amp;source=gmail&amp;ust=1586282803559000&amp;usg=AFQjCNGxGdB3b1jDH4P1vJDQHoahd2SL5A\"><span style=\"font-family: garamond, times new roman, serif; font-size: large;\">Acompanyament emocional per a fam\u00edlies (La Granja)<\/span><\/a><\/div>\n<div style=\"color: #222222; font-family: Arial, Helvetica, sans-serif; font-size: small; font-style: normal; font-variant-ligatures: normal; font-variant-caps: normal; font-weight: 400; letter-spacing: normal; orphans: 2; text-align: start; text-indent: 0px; text-transform: none; white-space: normal; widows: 2; word-spacing: 0px; -webkit-text-stroke-width: 0px; background-color: #ffffff; text-decoration-style: initial; text-decoration-color: initial;\"><span style=\"font-family: garamond, times new roman, serif; font-size: large;\"><a style=\"color: #1155cc;\" href=\"https:\/\/www.science-bits.cat\/site\/index.php?#\" target=\"_blank\" rel=\"noopener noreferrer\" data-saferedirecturl=\"https:\/\/www.google.com\/url?q=https:\/\/www.science-bits.cat\/site\/index.php?%23&amp;source=gmail&amp;ust=1586282803559000&amp;usg=AFQjCNFENuzsM9zUADcjvz50PSw-iJlZqQ\">Ci\u00e8ncies on line<\/a><\/span><\/div>\n<div style=\"color: #222222; font-family: Arial, Helvetica, sans-serif; font-size: small; font-style: normal; font-variant-ligatures: normal; font-variant-caps: normal; font-weight: 400; letter-spacing: normal; orphans: 2; text-align: start; text-indent: 0px; text-transform: none; white-space: normal; widows: 2; word-spacing: 0px; -webkit-text-stroke-width: 0px; background-color: #ffffff; text-decoration-style: initial; text-decoration-color: initial;\"><span style=\"color: #202020; text-align: center;\"><span style=\"font-family: garamond, times new roman, serif; font-size: large;\"><a style=\"color: #1155cc;\" href=\"https:\/\/www.youtube.com\/watch?v=1osCQC2PKq0&amp;feature=youtu.be\" target=\"_blank\" rel=\"noopener noreferrer\" data-saferedirecturl=\"https:\/\/www.google.com\/url?q=https:\/\/www.youtube.com\/watch?v%3D1osCQC2PKq0%26feature%3Dyoutu.be&amp;source=gmail&amp;ust=1586282803559000&amp;usg=AFQjCNGADZ3sRrbAgr4gnIa6osMXPEfkgg\">Clownt\u00edfics, ciencia que conecta<\/a><\/span><\/span><\/div>\n<div style=\"color: #222222; font-family: Arial, Helvetica, sans-serif; font-size: small; font-style: normal; font-variant-ligatures: normal; font-variant-caps: normal; font-weight: 400; letter-spacing: normal; orphans: 2; text-align: start; text-indent: 0px; text-transform: none; white-space: normal; widows: 2; word-spacing: 0px; -webkit-text-stroke-width: 0px; background-color: #ffffff; text-decoration-style: initial; text-decoration-color: initial;\"><a style=\"color: #1155cc;\" href=\"https:\/\/www.youtube.com\/user\/VIUELTEATRE1\" target=\"_blank\" rel=\"noopener noreferrer\" data-saferedirecturl=\"https:\/\/www.google.com\/url?q=https:\/\/www.youtube.com\/user\/VIUELTEATRE1&amp;source=gmail&amp;ust=1586282803559000&amp;usg=AFQjCNFFbacElU03y8eccpBiycpnbGCKIA\"><span style=\"font-family: garamond, times new roman, serif; font-size: large;\">Viu el teatre<\/span><\/a><\/div>\n<div style=\"color: #222222; font-family: Arial, Helvetica, sans-serif; font-size: small; font-style: normal; font-variant-ligatures: normal; font-variant-caps: normal; font-weight: 400; letter-spacing: normal; orphans: 2; text-align: start; text-indent: 0px; text-transform: none; white-space: normal; widows: 2; word-spacing: 0px; -webkit-text-stroke-width: 0px; background-color: #ffffff; text-decoration-style: initial; text-decoration-color: initial;\"><a style=\"color: #1155cc;\" href=\"https:\/\/www.clipclubtv.com\/\" target=\"_blank\" rel=\"noopener noreferrer\" data-saferedirecturl=\"https:\/\/www.google.com\/url?q=https:\/\/www.clipclubtv.com\/&amp;source=gmail&amp;ust=1586282803559000&amp;usg=AFQjCNHBvRrwArQ1R0Znpt0lT_ThMUmkjg\"><span style=\"font-family: garamond, times new roman, serif; font-size: large;\">Clip Club TV<\/span><\/a><\/div>\n<div style=\"color: #222222; font-family: Arial, Helvetica, sans-serif; font-size: small; font-style: normal; font-variant-ligatures: normal; font-variant-caps: normal; font-weight: 400; letter-spacing: normal; orphans: 2; text-align: start; text-indent: 0px; text-transform: none; white-space: normal; widows: 2; word-spacing: 0px; -webkit-text-stroke-width: 0px; background-color: #ffffff; text-decoration-style: initial; text-decoration-color: initial;\"><span style=\"font-family: garamond, times new roman, serif; font-size: large;\"><a style=\"color: #1155cc;\" href=\"https:\/\/www.macmillaneducation.es\/ca\/\" target=\"_blank\" rel=\"noopener noreferrer\" data-saferedirecturl=\"https:\/\/www.google.com\/url?q=https:\/\/www.macmillaneducation.es\/ca\/&amp;source=gmail&amp;ust=1586282803560000&amp;usg=AFQjCNHnG_-XFJRck7QFCE0-pE0VGQTjLg\">English stories<\/a><\/span><\/div>\n","protected":false},"excerpt":{"rendered":"<p>Benvolgudes fam\u00edlies, <a href=\"https:\/\/agora.xtec.cat\/escolalavilapalamos\/wp-content\/uploads\/usu897\/2020\/04\/shutterstock_173946122.jpg\"><\/a><br \/>\n\u00a0<br \/>\ndivendres passat va fer tres setmanes que\u00a0l&#8217;escola \u00e9s tancada\u00a0i que estem confinats a casa. Cal valorar, abans de tot, el gran esfor\u00e7 i la paci\u00e8ncia que esteu fent les fam\u00edlies i especial els\/les vostres fills\/es\u00a0aquests dies. Realment s\u00f3n uns dies que ens&hellip;  <a href=\"https:\/\/agora.xtec.cat\/escolalavilapalamos\/general\/setmana-santa-a-lescola\/\" title=\"Read Setmana santa a l&#8217;escola\">Llegeix m\u00e9s\u00bb<\/a><\/p>\n","protected":false},"author":1,"featured_media":7701,"comment_status":"open","ping_status":"closed","sticky":false,"template":"","format":"standard","meta":{"_bbp_topic_count":0,"_bbp_reply_count":0,"_bbp_total_topic_count":0,"_bbp_total_reply_count":0,"_bbp_voice_count":0,"_bbp_anonymous_reply_count":0,"_bbp_topic_count_hidden":0,"_bbp_reply_count_hidden":0,"_bbp_forum_subforum_count":0,"footnotes":""},"categories":[128,127,2,1,4],"tags":[],"class_list":["post-7700","post","type-post","status-publish","format-standard","has-post-thumbnail","hentry","category-comunitat-de-grans","category-comunitat-de-mitjans","category-infantil","category-general","category-portada"],"post_mailing_queue_ids":[],"_links":{"self":[{"href":"https:\/\/agora.xtec.cat\/escolalavilapalamos\/wp-json\/wp\/v2\/posts\/7700","targetHints":{"allow":["GET"]}}],"collection":[{"href":"https:\/\/agora.xtec.cat\/escolalavilapalamos\/wp-json\/wp\/v2\/posts"}],"about":[{"href":"https:\/\/agora.xtec.cat\/escolalavilapalamos\/wp-json\/wp\/v2\/types\/post"}],"author":[{"embeddable":true,"href":"https:\/\/agora.xtec.cat\/escolalavilapalamos\/wp-json\/wp\/v2\/users\/1"}],"replies":[{"embeddable":true,"href":"https:\/\/agora.xtec.cat\/escolalavilapalamos\/wp-json\/wp\/v2\/comments?post=7700"}],"version-history":[{"count":3,"href":"https:\/\/agora.xtec.cat\/escolalavilapalamos\/wp-json\/wp\/v2\/posts\/7700\/revisions"}],"predecessor-version":[{"id":7704,"href":"https:\/\/agora.xtec.cat\/escolalavilapalamos\/wp-json\/wp\/v2\/posts\/7700\/revisions\/7704"}],"wp:featuredmedia":[{"embeddable":true,"href":"https:\/\/agora.xtec.cat\/escolalavilapalamos\/wp-json\/wp\/v2\/media\/7701"}],"wp:attachment":[{"href":"https:\/\/agora.xtec.cat\/escolalavilapalamos\/wp-json\/wp\/v2\/media?parent=7700"}],"wp:term":[{"taxonomy":"category","embeddable":true,"href":"https:\/\/agora.xtec.cat\/escolalavilapalamos\/wp-json\/wp\/v2\/categories?post=7700"},{"taxonomy":"post_tag","embeddable":true,"href":"https:\/\/agora.xtec.cat\/escolalavilapalamos\/wp-json\/wp\/v2\/tags?post=7700"}],"curies":[{"name":"wp","href":"https:\/\/api.w.org\/{rel}","templated":true}]}}