{"id":7654,"date":"2020-03-26T17:48:43","date_gmt":"2020-03-26T16:48:43","guid":{"rendered":"http:\/\/agora.xtec.cat\/escolalavilapalamos\/?p=7654"},"modified":"2020-03-30T13:03:28","modified_gmt":"2020-03-30T11:03:28","slug":"materials-pels-hospitals","status":"publish","type":"post","link":"https:\/\/agora.xtec.cat\/escolalavilapalamos\/general\/materials-pels-hospitals\/","title":{"rendered":"Materials pels hospitals"},"content":{"rendered":"<div class=\"row anim\">\n<div class=\"large-8 large-centered column enter-effect enter-effect--1 text-center\">\n<p><img loading=\"lazy\" decoding=\"async\" class=\" wp-image-7655 alignright\" src=\"https:\/\/agora.xtec.cat\/escolalavilapalamos\/wp-content\/uploads\/usu897\/2020\/03\/Guants_Mascaretes_stories_DEF_1585149619_w400.jpg\" alt=\"\" width=\"318\" height=\"565\" srcset=\"https:\/\/agora.xtec.cat\/escolalavilapalamos\/wp-content\/uploads\/usu897\/2020\/03\/Guants_Mascaretes_stories_DEF_1585149619_w400.jpg 400w, https:\/\/agora.xtec.cat\/escolalavilapalamos\/wp-content\/uploads\/usu897\/2020\/03\/Guants_Mascaretes_stories_DEF_1585149619_w400-169x300.jpg 169w\" sizes=\"auto, (max-width: 318px) 100vw, 318px\" \/>Ens podeu ajudar fent donaci\u00f3 del material que us indiquem<\/p>\n<p style=\"text-align: left;\">En nom de tots els professionals dels nostres centres, <strong>us volem agrair enormement totes les donacions i ajudes que hem rebut fins ara, tant de particulars com d&#8217;empreses.<\/strong><\/p>\n<p style=\"text-align: left;\">La crida que vam fer la setmana passada per a mascaretes ha quedat del tot coberta. A dia d&#8217;avui us informem del material que ara necessitem:<\/p>\n<p style=\"text-align: left;\"><strong>Mascaretes FFP2 i FFP3<\/strong><\/p>\n<p style=\"text-align: left;\"><strong>Bates de protecci\u00f3 impermeables \/ repel\u00b7lents a l\u00edquids<\/strong><\/p>\n<p style=\"text-align: left;\"><strong>Ulleres de protecci\u00f3<\/strong><\/p>\n<p style=\"text-align: left;\"><strong>Guants de nitril<\/strong><\/p>\n<p style=\"text-align: left;\">Per a fer aquestes donacions us podeu posar en contacte amb Xavier Garcia a l&#8217;e-mail <a href=\"mailto:xgarcia@ssibe.cat\">xgarcia@ssibe.cat<\/a>\u00a0o b\u00e9 trucar a la Unitat d&#8217;Atenci\u00f3 al Ciutad\u00e0 al tel\u00e8fon 972 60 92 90 (dilluns a divendres, de 10 a 13h).<\/p>\n<\/div>\n<\/div>\n<div class=\"row anim\">\n<div class=\"large-11 large-centered column enter-effect enter-effect--2\">\n<div class=\"row\">\n<div class=\"large-7 columns fitxa-news\">\n<p>Alhora, hem rebut tamb\u00e9 peticions de persones que no poden col\u00b7laborar amb donacions de material per\u00f2 que voldrien col\u00b7laborar amb donacions econ\u00f2miques. Per aix\u00f2 us informem que he habilitat l\u2019apartat web per fer un\u00a0<a href=\"https:\/\/www.ssibe.cat\/nosaltres\/responsabilitat-social\/donacio-puntual\/\">donatiu en l\u00ednia<\/a>\u00a0per\u00f2 s\u00ed ho preferiu podeu fer-ho al n\u00famero de compte \u00e9s\u00a0<strong>ES06 2100 9046 9302 0004 4164.\u00a0<\/strong>Totes les donacions rebudes es destinaran a combatre la lluita contra el COVID19 als nostres centres.<\/p>\n<\/div>\n<\/div>\n<\/div>\n<\/div>\n","protected":false},"excerpt":{"rendered":"<p>Ens podeu ajudar fent donaci\u00f3 del material que us indiquem<br \/>\nEn nom de tots els professionals dels nostres centres, us volem agrair enormement totes les donacions i ajudes que hem rebut fins ara, tant de particulars com d&#8217;empreses.<br \/>\nLa crida que vam fer la setmana passada per&hellip;  <a href=\"https:\/\/agora.xtec.cat\/escolalavilapalamos\/general\/materials-pels-hospitals\/\" title=\"Read Materials pels hospitals\">Llegeix m\u00e9s\u00bb<\/a><\/p>\n","protected":false},"author":1,"featured_media":7655,"comment_status":"open","ping_status":"closed","sticky":false,"template":"","format":"standard","meta":{"_bbp_topic_count":0,"_bbp_reply_count":0,"_bbp_total_topic_count":0,"_bbp_total_reply_count":0,"_bbp_voice_count":0,"_bbp_anonymous_reply_count":0,"_bbp_topic_count_hidden":0,"_bbp_reply_count_hidden":0,"_bbp_forum_subforum_count":0,"footnotes":""},"categories":[1,4],"tags":[],"class_list":["post-7654","post","type-post","status-publish","format-standard","has-post-thumbnail","hentry","category-general","category-portada"],"post_mailing_queue_ids":[],"_links":{"self":[{"href":"https:\/\/agora.xtec.cat\/escolalavilapalamos\/wp-json\/wp\/v2\/posts\/7654","targetHints":{"allow":["GET"]}}],"collection":[{"href":"https:\/\/agora.xtec.cat\/escolalavilapalamos\/wp-json\/wp\/v2\/posts"}],"about":[{"href":"https:\/\/agora.xtec.cat\/escolalavilapalamos\/wp-json\/wp\/v2\/types\/post"}],"author":[{"embeddable":true,"href":"https:\/\/agora.xtec.cat\/escolalavilapalamos\/wp-json\/wp\/v2\/users\/1"}],"replies":[{"embeddable":true,"href":"https:\/\/agora.xtec.cat\/escolalavilapalamos\/wp-json\/wp\/v2\/comments?post=7654"}],"version-history":[{"count":3,"href":"https:\/\/agora.xtec.cat\/escolalavilapalamos\/wp-json\/wp\/v2\/posts\/7654\/revisions"}],"predecessor-version":[{"id":7667,"href":"https:\/\/agora.xtec.cat\/escolalavilapalamos\/wp-json\/wp\/v2\/posts\/7654\/revisions\/7667"}],"wp:featuredmedia":[{"embeddable":true,"href":"https:\/\/agora.xtec.cat\/escolalavilapalamos\/wp-json\/wp\/v2\/media\/7655"}],"wp:attachment":[{"href":"https:\/\/agora.xtec.cat\/escolalavilapalamos\/wp-json\/wp\/v2\/media?parent=7654"}],"wp:term":[{"taxonomy":"category","embeddable":true,"href":"https:\/\/agora.xtec.cat\/escolalavilapalamos\/wp-json\/wp\/v2\/categories?post=7654"},{"taxonomy":"post_tag","embeddable":true,"href":"https:\/\/agora.xtec.cat\/escolalavilapalamos\/wp-json\/wp\/v2\/tags?post=7654"}],"curies":[{"name":"wp","href":"https:\/\/api.w.org\/{rel}","templated":true}]}}