{"id":7634,"date":"2020-03-25T00:32:30","date_gmt":"2020-03-24T23:32:30","guid":{"rendered":"http:\/\/agora.xtec.cat\/escolalavilapalamos\/?p=7634"},"modified":"2020-03-25T00:34:26","modified_gmt":"2020-03-24T23:34:26","slug":"portes-obertes-virtuals","status":"publish","type":"post","link":"https:\/\/agora.xtec.cat\/escolalavilapalamos\/general\/portes-obertes-virtuals\/","title":{"rendered":"Portes Obertes virtuals"},"content":{"rendered":"<p><strong>L\u2019escola La Vila \u00e9s l\u2019escola de tots i totes.<\/strong> Fem de les difer\u00e8ncies una oportunitat d\u2019aprenentatge. Pensem que l\u2019acompanyament emocional \u00e9s b\u00e0sic, escoltem als alumnes i creiem en ells. Els infants s\u00f3n sempre el centre de totes les propostes, conscients de la realitat que viu cada un d\u2019ells, el seu entorn, les seves capacitats i els seus interessos.<\/p>\n<p>Som conscients dels canvis de futur que s\u2019intueixen i per tant potenciem habilitats que creiem que seran indispensables pels nostres infants: la flexibilitat<b>, <\/b>la creativitat<b>, <\/b>la resili\u00e8ncia i les compet\u00e8ncies emocionals<b> .<\/b><\/p>\n<p>El nostre prop\u00f2sit \u00e9s acompanyar a tots els nens i nenes a desenvolupar aquestes compet\u00e8ncies que els preparin per poder viure amb garanties en un m\u00f3n complex i canviant. L\u2019escola La Vila vol avan\u00e7ar cada vegada m\u00e9s cap a un<b> treball globalitzat i\u00a0 comprom\u00e8s amb l\u2019entorn.<\/b><\/p>\n<p>L\u2019escola est\u00e0 organitzada en tres comunitats:<b> petits<\/b> (P3-P4 i P5) , <b>mitjans<\/b> (1r, 2n i 3r) i <b>grans<\/b> (4t, 5\u00e8 i 6\u00e8). A cada comunitat hi ha un grup de mestres que <b>treballa en equip i comparteix<\/b> els seus coneixements i habilitats per enriquir al grup.<\/p>\n<p>Per a donar resposta als curr\u00edculums que regeixen l\u2019educaci\u00f3 infantil i prim\u00e0ria l\u2019equip de mestres ha vist sempre prioritari treballar amb <strong>grups redu\u00efts i amb diferents tipus d\u2019agrupaments<\/strong>.<\/p>\n<p>Les metodologies s\u00f3n <strong>competencials i globalitzades.<\/strong> Els infants investiguen de forma natural tot all\u00f2 que els envolta. Les mestres fan l\u2019acompanyament i perparen propostes que estimulin l\u2019aprenentatge.<\/p>\n<p><strong>L&#8217;avaluaci\u00f3 \u00e9s formativa i formadora.<\/strong> Aix\u00f2 vol dir que no qualifica a trav\u00e9s de proves sin\u00f3 que es basa en la recollida de dades per fer un seguiment del ritme de cada alumne. L&#8217;error forma part d&#8217;aquest proc\u00e9s i per tant \u00e9s una oportunitat per millorar. L&#8217;avaluaci\u00f3 de l&#8217;escola La Vila promou la millora del proc\u00e9s d&#8217;aprenetatge\u00a0 dels alumnes per\u00f2 tamb\u00e9 de tot el funcionament del centre. Estem en cont\u00ednua avaluaci\u00f3 per poder avan\u00e7ar dia a dia.<\/p>\n<p>Per tirar endavant el nostre projecte comptem amb tota la <strong>comunitat educativa<\/strong> i en especial amb <strong>les fam\u00edlies<\/strong> que ens fan confian\u00e7a i comparteixen aquest prop\u00f2sit de centre.<\/p>\n<p><a href=\"https:\/\/youtu.be\/TlCNzGw90Ug\">Audiovisual de l\u2019escola 1<\/a>. <a href=\"https:\/\/www.youtube.com\/watch?v=yEe-mOcF8sY&amp;app=desktop\">Audiovisual de l\u2019escola 2\u00a0<\/a> presentat a la Jornada de portes obertes de l&#8217;any passat. Presentaci\u00f3 <em><a href=\"http:\/\/prezi.com\/9qxkgnwrtdme\/?utm_campaign=share&amp;utm_medium=copy\">Com \u00e9s l\u2019escola La Vila<\/a><br \/>\n<\/em><\/p>\n<p><a href=\"http:\/\/www.fbofill.cat\/publicacions\/8-orientacions-triar-escola\">8 recomanacions per triar escola<\/a>. Fundaci\u00f3 Jaume Bofill<\/p>\n<p>Segueix el dia a dia de l\u2019escola des dels nostres canals: <a href=\"https:\/\/www.youtube.com\/results?search_query=escola+la++vila\">youtube<\/a>, <a href=\"https:\/\/www.facebook.com\/escola.lavilapalamos\">facebook<\/a>, <a href=\"https:\/\/twitter.com\/EscolalaVila\">twitter<\/a>, <a href=\"https:\/\/www.instagram.com\/escolalavila\/\">instagram<\/a><\/p>\n<p><iframe loading=\"lazy\" src=\"\/\/www.youtube.com\/embed\/iOYtYsUboKw\" width=\"560\" height=\"314\" data-mce-fragment=\"1\"><\/iframe><\/p>\n","protected":false},"excerpt":{"rendered":"<p>L\u2019escola La Vila \u00e9s l\u2019escola de tots i totes. Fem de les difer\u00e8ncies una oportunitat d\u2019aprenentatge. Pensem que l\u2019acompanyament emocional \u00e9s b\u00e0sic, escoltem als alumnes i creiem en ells. Els infants s\u00f3n sempre el centre de totes les propostes, conscients de la realitat que viu&hellip;  <a href=\"https:\/\/agora.xtec.cat\/escolalavilapalamos\/general\/portes-obertes-virtuals\/\" title=\"Read Portes Obertes virtuals\">Llegeix m\u00e9s\u00bb<\/a><\/p>\n","protected":false},"author":1,"featured_media":7635,"comment_status":"open","ping_status":"closed","sticky":false,"template":"","format":"standard","meta":{"_bbp_topic_count":0,"_bbp_reply_count":0,"_bbp_total_topic_count":0,"_bbp_total_reply_count":0,"_bbp_voice_count":0,"_bbp_anonymous_reply_count":0,"_bbp_topic_count_hidden":0,"_bbp_reply_count_hidden":0,"_bbp_forum_subforum_count":0,"footnotes":""},"categories":[1],"tags":[],"class_list":["post-7634","post","type-post","status-publish","format-standard","has-post-thumbnail","hentry","category-general"],"post_mailing_queue_ids":[],"_links":{"self":[{"href":"https:\/\/agora.xtec.cat\/escolalavilapalamos\/wp-json\/wp\/v2\/posts\/7634","targetHints":{"allow":["GET"]}}],"collection":[{"href":"https:\/\/agora.xtec.cat\/escolalavilapalamos\/wp-json\/wp\/v2\/posts"}],"about":[{"href":"https:\/\/agora.xtec.cat\/escolalavilapalamos\/wp-json\/wp\/v2\/types\/post"}],"author":[{"embeddable":true,"href":"https:\/\/agora.xtec.cat\/escolalavilapalamos\/wp-json\/wp\/v2\/users\/1"}],"replies":[{"embeddable":true,"href":"https:\/\/agora.xtec.cat\/escolalavilapalamos\/wp-json\/wp\/v2\/comments?post=7634"}],"version-history":[{"count":2,"href":"https:\/\/agora.xtec.cat\/escolalavilapalamos\/wp-json\/wp\/v2\/posts\/7634\/revisions"}],"predecessor-version":[{"id":7637,"href":"https:\/\/agora.xtec.cat\/escolalavilapalamos\/wp-json\/wp\/v2\/posts\/7634\/revisions\/7637"}],"wp:featuredmedia":[{"embeddable":true,"href":"https:\/\/agora.xtec.cat\/escolalavilapalamos\/wp-json\/wp\/v2\/media\/7635"}],"wp:attachment":[{"href":"https:\/\/agora.xtec.cat\/escolalavilapalamos\/wp-json\/wp\/v2\/media?parent=7634"}],"wp:term":[{"taxonomy":"category","embeddable":true,"href":"https:\/\/agora.xtec.cat\/escolalavilapalamos\/wp-json\/wp\/v2\/categories?post=7634"},{"taxonomy":"post_tag","embeddable":true,"href":"https:\/\/agora.xtec.cat\/escolalavilapalamos\/wp-json\/wp\/v2\/tags?post=7634"}],"curies":[{"name":"wp","href":"https:\/\/api.w.org\/{rel}","templated":true}]}}