{"id":7627,"date":"2020-03-24T17:19:38","date_gmt":"2020-03-24T16:19:38","guid":{"rendered":"http:\/\/agora.xtec.cat\/escolalavilapalamos\/?p=7627"},"modified":"2020-03-26T21:17:25","modified_gmt":"2020-03-26T20:17:25","slug":"beques-menjador-durant-el-confinament","status":"publish","type":"post","link":"https:\/\/agora.xtec.cat\/escolalavilapalamos\/general\/beques-menjador-durant-el-confinament\/","title":{"rendered":"Beques menjador durant el confinament"},"content":{"rendered":"<p><a href=\"https:\/\/agora.xtec.cat\/escolalavilapalamos\/wp-content\/uploads\/usu897\/2020\/03\/ETzV3vnX0AEQv0h.jpg\"><img loading=\"lazy\" decoding=\"async\" class=\"wp-image-7628 alignright\" src=\"https:\/\/agora.xtec.cat\/escolalavilapalamos\/wp-content\/uploads\/usu897\/2020\/03\/ETzV3vnX0AEQv0h-1024x682.jpg\" alt=\"\" width=\"354\" height=\"236\" srcset=\"https:\/\/agora.xtec.cat\/escolalavilapalamos\/wp-content\/uploads\/usu897\/2020\/03\/ETzV3vnX0AEQv0h-1024x682.jpg 1024w, https:\/\/agora.xtec.cat\/escolalavilapalamos\/wp-content\/uploads\/usu897\/2020\/03\/ETzV3vnX0AEQv0h-300x200.jpg 300w, https:\/\/agora.xtec.cat\/escolalavilapalamos\/wp-content\/uploads\/usu897\/2020\/03\/ETzV3vnX0AEQv0h-768x512.jpg 768w, https:\/\/agora.xtec.cat\/escolalavilapalamos\/wp-content\/uploads\/usu897\/2020\/03\/ETzV3vnX0AEQv0h.jpg 1613w\" sizes=\"auto, (max-width: 354px) 100vw, 354px\" \/><\/a>Amb l&#8217;objectiu de <strong>garantir als menors beneficiaris de beques de menjador <\/strong>durant el temps que els centres educatius romanguin tancats com a mesura per a la prevenci\u00f3 i el control de la infecci\u00f3 pel SASTS-CoV-2 s&#8217;estableixen <strong>unes targetes moneder.<\/strong><\/p>\n<p><span style=\"color: #ff0000;\">Divendres 27 de mar\u00e7 de 10 a 13 h a la nau dels 50 metres, l&#8217;Ajuntament de Palam\u00f3s repartir\u00e0 les targetes moneder<\/span> a les fam\u00edlies que tenen beca de menjador.<\/p>\n<p>S\u2019habilitaran targetes de prepagament per a les fam\u00edlies Les targetes de prepagament estaran carregades amb l&#8217;import de 4\u20ac\/dia\/infant per als beneficiaris d\u2019ajuts individuals de menjador, corresponents a un \u00e0pat per cada dia lectiu que romanguin tancats els centres educatius, amb una c\u00e0rrega inicial de 40 euros. Tamb\u00e9 2\/4\u20ac\/dia\/infant per usuaris\/es de Serveis Socials corresponent a la resta d&#8217;\u00e0pats del dia.<\/p>\n<p><strong>Les targetes moneder es lliuraran<\/strong> <strong>a trav\u00e9s de l&#8217; Ajuntament de Palam\u00f3s o el Consell Comarcal del Baix Empord\u00e0<\/strong>, els quals, d\u2019acord amb l\u2019article 8 del Reial Decret Llei 7\/2020, de 12 de mar\u00e7, organitzaran els sistemes de lliurament de les targetes i garantiran el registre de cada targeta lliurada.<\/p>\n<p>L\u2019\u00fas de les targetes \u00e9s exclusivament per a <strong>compres en qualsevol establiment d\u2019alimentaci\u00f3<\/strong> amb terminal TPV. No hi ha un import m\u00e0xim temporal de despesa, m\u00e9s enll\u00e0 del saldo m\u00e0xim amb el qu\u00e8 han estat carregades. Les targetes tenen un per\u00edode de caducitat d\u2019un any.<\/p>\n<p>Aquesta mesura tindr\u00e0 efecte fins que el Departament de Salut suspengui les mesures preventives extraordin\u00e0ries adoptades en el marc de l\u2019activaci\u00f3 del Pla d\u2019Actuaci\u00f3 del PROCICAT per malalties emergents en motiu de l\u2019impacte del COVID-19.<\/p>\n","protected":false},"excerpt":{"rendered":"<p><a href=\"https:\/\/agora.xtec.cat\/escolalavilapalamos\/wp-content\/uploads\/usu897\/2020\/03\/ETzV3vnX0AEQv0h.jpg\"><\/a>Amb l&#8217;objectiu de garantir als menors beneficiaris de beques de menjador durant el temps que els centres educatius romanguin tancats com a mesura per a la prevenci\u00f3 i el control de la infecci\u00f3 pel SASTS-CoV-2 s&#8217;estableixen unes targetes moneder.<br \/>\nDivendres 27 de mar\u00e7 de 10&hellip;  <a href=\"https:\/\/agora.xtec.cat\/escolalavilapalamos\/general\/beques-menjador-durant-el-confinament\/\" title=\"Read Beques menjador durant el confinament\">Llegeix m\u00e9s\u00bb<\/a><\/p>\n","protected":false},"author":1,"featured_media":7628,"comment_status":"open","ping_status":"closed","sticky":false,"template":"","format":"standard","meta":{"_bbp_topic_count":0,"_bbp_reply_count":0,"_bbp_total_topic_count":0,"_bbp_total_reply_count":0,"_bbp_voice_count":0,"_bbp_anonymous_reply_count":0,"_bbp_topic_count_hidden":0,"_bbp_reply_count_hidden":0,"_bbp_forum_subforum_count":0,"footnotes":""},"categories":[1,4],"tags":[],"class_list":["post-7627","post","type-post","status-publish","format-standard","has-post-thumbnail","hentry","category-general","category-portada"],"post_mailing_queue_ids":[],"_links":{"self":[{"href":"https:\/\/agora.xtec.cat\/escolalavilapalamos\/wp-json\/wp\/v2\/posts\/7627","targetHints":{"allow":["GET"]}}],"collection":[{"href":"https:\/\/agora.xtec.cat\/escolalavilapalamos\/wp-json\/wp\/v2\/posts"}],"about":[{"href":"https:\/\/agora.xtec.cat\/escolalavilapalamos\/wp-json\/wp\/v2\/types\/post"}],"author":[{"embeddable":true,"href":"https:\/\/agora.xtec.cat\/escolalavilapalamos\/wp-json\/wp\/v2\/users\/1"}],"replies":[{"embeddable":true,"href":"https:\/\/agora.xtec.cat\/escolalavilapalamos\/wp-json\/wp\/v2\/comments?post=7627"}],"version-history":[{"count":3,"href":"https:\/\/agora.xtec.cat\/escolalavilapalamos\/wp-json\/wp\/v2\/posts\/7627\/revisions"}],"predecessor-version":[{"id":7668,"href":"https:\/\/agora.xtec.cat\/escolalavilapalamos\/wp-json\/wp\/v2\/posts\/7627\/revisions\/7668"}],"wp:featuredmedia":[{"embeddable":true,"href":"https:\/\/agora.xtec.cat\/escolalavilapalamos\/wp-json\/wp\/v2\/media\/7628"}],"wp:attachment":[{"href":"https:\/\/agora.xtec.cat\/escolalavilapalamos\/wp-json\/wp\/v2\/media?parent=7627"}],"wp:term":[{"taxonomy":"category","embeddable":true,"href":"https:\/\/agora.xtec.cat\/escolalavilapalamos\/wp-json\/wp\/v2\/categories?post=7627"},{"taxonomy":"post_tag","embeddable":true,"href":"https:\/\/agora.xtec.cat\/escolalavilapalamos\/wp-json\/wp\/v2\/tags?post=7627"}],"curies":[{"name":"wp","href":"https:\/\/api.w.org\/{rel}","templated":true}]}}