{"id":7583,"date":"2020-03-21T16:46:36","date_gmt":"2020-03-21T15:46:36","guid":{"rendered":"http:\/\/agora.xtec.cat\/escolalavilapalamos\/?p=7583"},"modified":"2020-03-26T18:10:00","modified_gmt":"2020-03-26T17:10:00","slug":"dissenyem-una-ruta-virtual-2","status":"publish","type":"post","link":"https:\/\/agora.xtec.cat\/escolalavilapalamos\/general\/dissenyem-una-ruta-virtual-2\/","title":{"rendered":"Dissenyem una ruta virtual"},"content":{"rendered":"<p><a href=\"https:\/\/agora.xtec.cat\/escolalavilapalamos\/wp-content\/uploads\/usu897\/2020\/03\/IMG_5941-co\u0300pia.jpg\"><img loading=\"lazy\" decoding=\"async\" class=\"size-full wp-image-7584 alignright\" src=\"https:\/\/agora.xtec.cat\/escolalavilapalamos\/wp-content\/uploads\/usu897\/2020\/03\/IMG_5941-co\u0300pia.jpg\" alt=\"\" width=\"320\" height=\"240\" srcset=\"https:\/\/agora.xtec.cat\/escolalavilapalamos\/wp-content\/uploads\/usu897\/2020\/03\/IMG_5941-co\u0300pia.jpg 320w, https:\/\/agora.xtec.cat\/escolalavilapalamos\/wp-content\/uploads\/usu897\/2020\/03\/IMG_5941-co\u0300pia-300x225.jpg 300w, https:\/\/agora.xtec.cat\/escolalavilapalamos\/wp-content\/uploads\/usu897\/2020\/03\/IMG_5941-co\u0300pia-200x150.jpg 200w\" sizes=\"auto, (max-width: 320px) 100vw, 320px\" \/><\/a>Aquest curs, alguns alumnes de la Comunitat de Grans han pogut familiaritzar-se amb les tecnologies immersives a trav\u00e9s de l&#8217;espai d&#8217;aprenentatge <strong><span style=\"color: #008000;\">&#8220;Dissenyem una ruta virtual&#8221;<\/span><\/strong>.<\/p>\n<p>En aquest espai, han apr\u00e8s la difer\u00e8ncia entre la &#8220;Realitat Virtual&#8221; i la &#8220;Realitat Augmentada&#8221; i han pogut experimentar fent fotografies panor\u00e0miques amb la c\u00e0mera de 360\u00ba VR per l&#8217;escola.<\/p>\n<p>Al llarg dels tres espais d&#8217;aprenentatge els alumnes han creat les rutes de la <a href=\"https:\/\/poly.google.com\/u\/0\/view\/3IfC-PnzyrF\">Comunitat de Petits,<\/a> la <a href=\"https:\/\/poly.google.com\/u\/2\/view\/9L1470rrjsg\">Comunitat de Grans<\/a> i l&#8217;<a href=\"https:\/\/poly.google.com\/u\/0\/view\/bKHO1tsSlzg\">edifici m\u00e9s nou<\/a> de l&#8217;escola. Els nens i les nenes participants han estat els encarregats de fer les fotografies, els audios i les descripcions pels diferents espais del centre.<\/p>\n<p>Les rutes virtuals estan creades a partir de l&#8217;aplicaci\u00f3 de RV de Google, <a href=\"https:\/\/arvr.google.com\/tourcreator\/\">Google tour Creator<\/a> i es poden veure a trav\u00e9s de Poly, qu\u00e8 \u00e9s una eina de Google per visualitzar aquest tipus de continguts.<\/p>\n<p>Si voleu accedir a totes les rutes virtuals que s&#8217;han creat fins el moment podeu fer clic <a href=\"https:\/\/view.genial.ly\/5e3f287ba1f6e40fdb0edd65\/interactive-image-ruta-virtual-escola-la-vila\">aqu\u00ed.<\/a><\/p>\n","protected":false},"excerpt":{"rendered":"<p><a href=\"https:\/\/agora.xtec.cat\/escolalavilapalamos\/wp-content\/uploads\/usu897\/2020\/03\/IMG_5941-co\u0300pia.jpg\"><\/a>Aquest curs, alguns alumnes de la Comunitat de Grans han pogut familiaritzar-se amb les tecnologies immersives a trav\u00e9s de l&#8217;espai d&#8217;aprenentatge &#8220;Dissenyem una ruta virtual&#8221;.<br \/>\nEn aquest espai, han apr\u00e8s la difer\u00e8ncia entre la &#8220;Realitat Virtual&#8221; i la &#8220;Realitat Augmentada&#8221; i han pogut experimentar fent&hellip;  <a href=\"https:\/\/agora.xtec.cat\/escolalavilapalamos\/general\/dissenyem-una-ruta-virtual-2\/\" title=\"Read Dissenyem una ruta virtual\">Llegeix m\u00e9s\u00bb<\/a><\/p>\n","protected":false},"author":132,"featured_media":7584,"comment_status":"open","ping_status":"closed","sticky":false,"template":"","format":"standard","meta":{"_bbp_topic_count":0,"_bbp_reply_count":0,"_bbp_total_topic_count":0,"_bbp_total_reply_count":0,"_bbp_voice_count":0,"_bbp_anonymous_reply_count":0,"_bbp_topic_count_hidden":0,"_bbp_reply_count_hidden":0,"_bbp_forum_subforum_count":0,"footnotes":""},"categories":[128,1,4,5],"tags":[],"class_list":["post-7583","post","type-post","status-publish","format-standard","has-post-thumbnail","hentry","category-comunitat-de-grans","category-general","category-portada","category-primaria"],"post_mailing_queue_ids":[],"_links":{"self":[{"href":"https:\/\/agora.xtec.cat\/escolalavilapalamos\/wp-json\/wp\/v2\/posts\/7583","targetHints":{"allow":["GET"]}}],"collection":[{"href":"https:\/\/agora.xtec.cat\/escolalavilapalamos\/wp-json\/wp\/v2\/posts"}],"about":[{"href":"https:\/\/agora.xtec.cat\/escolalavilapalamos\/wp-json\/wp\/v2\/types\/post"}],"author":[{"embeddable":true,"href":"https:\/\/agora.xtec.cat\/escolalavilapalamos\/wp-json\/wp\/v2\/users\/132"}],"replies":[{"embeddable":true,"href":"https:\/\/agora.xtec.cat\/escolalavilapalamos\/wp-json\/wp\/v2\/comments?post=7583"}],"version-history":[{"count":3,"href":"https:\/\/agora.xtec.cat\/escolalavilapalamos\/wp-json\/wp\/v2\/posts\/7583\/revisions"}],"predecessor-version":[{"id":7602,"href":"https:\/\/agora.xtec.cat\/escolalavilapalamos\/wp-json\/wp\/v2\/posts\/7583\/revisions\/7602"}],"wp:featuredmedia":[{"embeddable":true,"href":"https:\/\/agora.xtec.cat\/escolalavilapalamos\/wp-json\/wp\/v2\/media\/7584"}],"wp:attachment":[{"href":"https:\/\/agora.xtec.cat\/escolalavilapalamos\/wp-json\/wp\/v2\/media?parent=7583"}],"wp:term":[{"taxonomy":"category","embeddable":true,"href":"https:\/\/agora.xtec.cat\/escolalavilapalamos\/wp-json\/wp\/v2\/categories?post=7583"},{"taxonomy":"post_tag","embeddable":true,"href":"https:\/\/agora.xtec.cat\/escolalavilapalamos\/wp-json\/wp\/v2\/tags?post=7583"}],"curies":[{"name":"wp","href":"https:\/\/api.w.org\/{rel}","templated":true}]}}