{"id":7572,"date":"2020-03-20T17:19:21","date_gmt":"2020-03-20T16:19:21","guid":{"rendered":"http:\/\/agora.xtec.cat\/escolalavilapalamos\/?p=7572"},"modified":"2020-03-21T16:40:45","modified_gmt":"2020-03-21T15:40:45","slug":"treballar-les-competencies-emocionals-a-casa","status":"publish","type":"post","link":"https:\/\/agora.xtec.cat\/escolalavilapalamos\/general\/treballar-les-competencies-emocionals-a-casa\/","title":{"rendered":"Treballar les compet\u00e8ncies emocionals a casa"},"content":{"rendered":"<p><strong><a href=\"https:\/\/agora.xtec.cat\/escolalavilapalamos\/wp-content\/uploads\/usu897\/2020\/03\/13d3b519-4418-4536-a610-eb7a85ce1f4e.jpg\"><img loading=\"lazy\" decoding=\"async\" class=\" wp-image-7573 alignright\" src=\"https:\/\/agora.xtec.cat\/escolalavilapalamos\/wp-content\/uploads\/usu897\/2020\/03\/13d3b519-4418-4536-a610-eb7a85ce1f4e.jpg\" alt=\"\" width=\"241\" height=\"211\" \/><\/a>Des del programa &#8220;Sigues tu&#8221;, proposem un seguit de recursos per entrenar\u00a0<a href=\"https:\/\/www.siguestu.cat\/pujades\/files\/Classificaci%C3%B3%20habilitats.pdf\">les habilitats per a la vida\u00a0<\/a>en fam\u00edlia, aprofitant els dies de confinament pel COVID-19. Es tracta de tallers, v\u00eddeos, jocs, can\u00e7ons, manualitats, din\u00e0miques, contes&#8230;que ens serveixen per desenvolupar les destreses psicosocials amb les nostres filles i fills.<\/strong><\/p>\n<p>Amb motiu de la pand\u00e8mia actual pel COVID-19, el treball continuat a les aules i les sessions per a les fam\u00edlies s&#8217;han susp\u00e8s temporalment. No obstant, des del programa, es continua fent feina tant amb els equips docents com amb la resta de col\u00b7laboradors. L&#8217;objectiu \u00e9s que l&#8217;entrenament de les habilitats per a la vida no s&#8217;aturi. Amb aquesta intenci\u00f3, s&#8217;ha identificat i catalogat un seguit de recursos que permeten treballar les compet\u00e8ncies emocionals a casa, en fam\u00edlia, de manera senzilla i l\u00fadica, i sense necessitat de tenir coneixements previs sobre el tema.<br \/>\nAquest directori d&#8217;activitats es posa a disposici\u00f3 dels centres educatius, les associacions de pares i mares i altres entitats col\u00b7laboradores per tal que el difonguin entre les fam\u00edlies. Des de Dipsalut, tamb\u00e9 procurem donar-lo a con\u00e8ixer a la ciutadania.<\/p>\n<p><strong>A continuaci\u00f3, enumerem alguns d&#8217;aquests recursos.<\/strong> En la breu explicaci\u00f3 que acompanya cada proposta, hi trobareu informaci\u00f3 \u00fatil com quina o quines compet\u00e8ncies emocionals es treballen o per a quina edat es recomana.<\/p>\n<p><a href=\"https:\/\/www.siguestu.cat\/ca\/noticies\/49-treballar-les-competencies-emocionals-a-casa.html\">https:\/\/www.siguestu.cat\/ca\/noticies\/49-treballar-les-competencies-emocionals-a-casa.html<\/a><\/p>\n<p>&nbsp;<\/p>\n","protected":false},"excerpt":{"rendered":"<p><a href=\"https:\/\/agora.xtec.cat\/escolalavilapalamos\/wp-content\/uploads\/usu897\/2020\/03\/13d3b519-4418-4536-a610-eb7a85ce1f4e.jpg\"><\/a>Des del programa &#8220;Sigues tu&#8221;, proposem un seguit de recursos per entrenar\u00a0<a href=\"https:\/\/www.siguestu.cat\/pujades\/files\/Classificaci%C3%B3%20habilitats.pdf\">les habilitats per a la vida\u00a0<\/a>en fam\u00edlia, aprofitant els dies de confinament pel COVID-19. Es tracta de tallers, v\u00eddeos, jocs, can\u00e7ons, manualitats, din\u00e0miques, contes&#8230;que ens serveixen per desenvolupar les destreses psicosocials amb&hellip;  <a href=\"https:\/\/agora.xtec.cat\/escolalavilapalamos\/general\/treballar-les-competencies-emocionals-a-casa\/\" title=\"Read Treballar les compet\u00e8ncies emocionals a casa\">Llegeix m\u00e9s\u00bb<\/a><\/p>\n","protected":false},"author":1,"featured_media":7573,"comment_status":"open","ping_status":"closed","sticky":false,"template":"","format":"standard","meta":{"_bbp_topic_count":0,"_bbp_reply_count":0,"_bbp_total_topic_count":0,"_bbp_total_reply_count":0,"_bbp_voice_count":0,"_bbp_anonymous_reply_count":0,"_bbp_topic_count_hidden":0,"_bbp_reply_count_hidden":0,"_bbp_forum_subforum_count":0,"footnotes":""},"categories":[1,4],"tags":[],"class_list":["post-7572","post","type-post","status-publish","format-standard","has-post-thumbnail","hentry","category-general","category-portada"],"post_mailing_queue_ids":[],"_links":{"self":[{"href":"https:\/\/agora.xtec.cat\/escolalavilapalamos\/wp-json\/wp\/v2\/posts\/7572","targetHints":{"allow":["GET"]}}],"collection":[{"href":"https:\/\/agora.xtec.cat\/escolalavilapalamos\/wp-json\/wp\/v2\/posts"}],"about":[{"href":"https:\/\/agora.xtec.cat\/escolalavilapalamos\/wp-json\/wp\/v2\/types\/post"}],"author":[{"embeddable":true,"href":"https:\/\/agora.xtec.cat\/escolalavilapalamos\/wp-json\/wp\/v2\/users\/1"}],"replies":[{"embeddable":true,"href":"https:\/\/agora.xtec.cat\/escolalavilapalamos\/wp-json\/wp\/v2\/comments?post=7572"}],"version-history":[{"count":1,"href":"https:\/\/agora.xtec.cat\/escolalavilapalamos\/wp-json\/wp\/v2\/posts\/7572\/revisions"}],"predecessor-version":[{"id":7574,"href":"https:\/\/agora.xtec.cat\/escolalavilapalamos\/wp-json\/wp\/v2\/posts\/7572\/revisions\/7574"}],"wp:featuredmedia":[{"embeddable":true,"href":"https:\/\/agora.xtec.cat\/escolalavilapalamos\/wp-json\/wp\/v2\/media\/7573"}],"wp:attachment":[{"href":"https:\/\/agora.xtec.cat\/escolalavilapalamos\/wp-json\/wp\/v2\/media?parent=7572"}],"wp:term":[{"taxonomy":"category","embeddable":true,"href":"https:\/\/agora.xtec.cat\/escolalavilapalamos\/wp-json\/wp\/v2\/categories?post=7572"},{"taxonomy":"post_tag","embeddable":true,"href":"https:\/\/agora.xtec.cat\/escolalavilapalamos\/wp-json\/wp\/v2\/tags?post=7572"}],"curies":[{"name":"wp","href":"https:\/\/api.w.org\/{rel}","templated":true}]}}