{"id":7567,"date":"2020-03-20T17:00:19","date_gmt":"2020-03-20T16:00:19","guid":{"rendered":"http:\/\/agora.xtec.cat\/escolalavilapalamos\/?p=7567"},"modified":"2020-03-21T16:47:31","modified_gmt":"2020-03-21T15:47:31","slug":"han-nascut-dos-pollets-a-lescola","status":"publish","type":"post","link":"https:\/\/agora.xtec.cat\/escolalavilapalamos\/general\/han-nascut-dos-pollets-a-lescola\/","title":{"rendered":"Han nascut dos pollets a l&#8217;escola"},"content":{"rendered":"<p><strong><a href=\"https:\/\/agora.xtec.cat\/escolalavilapalamos\/wp-content\/uploads\/usu897\/2020\/03\/WhatsApp-Image-2020-03-20-at-16.53.29-2.jpeg\"><img loading=\"lazy\" decoding=\"async\" class=\"wp-image-7569 alignleft\" src=\"https:\/\/agora.xtec.cat\/escolalavilapalamos\/wp-content\/uploads\/usu897\/2020\/03\/WhatsApp-Image-2020-03-20-at-16.53.29-2.jpeg\" alt=\"\" width=\"330\" height=\"301\" srcset=\"https:\/\/agora.xtec.cat\/escolalavilapalamos\/wp-content\/uploads\/usu897\/2020\/03\/WhatsApp-Image-2020-03-20-at-16.53.29-2.jpeg 783w, https:\/\/agora.xtec.cat\/escolalavilapalamos\/wp-content\/uploads\/usu897\/2020\/03\/WhatsApp-Image-2020-03-20-at-16.53.29-2-300x274.jpeg 300w, https:\/\/agora.xtec.cat\/escolalavilapalamos\/wp-content\/uploads\/usu897\/2020\/03\/WhatsApp-Image-2020-03-20-at-16.53.29-2-768x701.jpeg 768w\" sizes=\"auto, (max-width: 330px) 100vw, 330px\" \/><\/a>HO HEM ACONSEGUIT !<\/strong><\/p>\n<p>A l\u2019espai \u201cBitxus\u201d de la comunitat de grans ens vam proposar estudiar <strong><span style=\"color: #ff6600;\">la reproducci\u00f3 de la gallina.<\/span>\u00a0<\/strong><\/p>\n<p>Un primer grup va intentar tenir pollets nascuts a la nostra incubadora per\u00f2 no hi va haver sort. Despr\u00e9s d\u2019esperar els 21 dies tenint cura de la temperatura, la humitat i la ventilaci\u00f3 no en va n\u00e9ixer cap. No va anar b\u00e9 i despr\u00e9s de molt investigar vam concloure que devien ser ous no fecundats.<\/p>\n<p>No ens vam rendir i un segon grup hi va tornar per\u00f2\u2026 degut al male\u00eft Covid-19 vam haver de tancar l\u2019escola i deixar la incubadora en marxa per\u00f2 sense atenci\u00f3.<\/p>\n<p>Avui en Llu\u00eds hi ha anat amb la intenci\u00f3 de parar-la i llen\u00e7ar els ous. S\u2019hauria de tornar a provar m\u00e9s endavant i\u2026\u2026.. sabeu qu\u00e8 ha trobat?\u00a0 <b>DOS dels pollets han nascut!!!!<\/b><\/p>\n<p>Podeu veure totes les fotos <a href=\"https:\/\/photos.app.goo.gl\/yCXADTb2abQ1iQnh6\">aqu\u00ed<\/a><\/p>\n","protected":false},"excerpt":{"rendered":"<p><a href=\"https:\/\/agora.xtec.cat\/escolalavilapalamos\/wp-content\/uploads\/usu897\/2020\/03\/WhatsApp-Image-2020-03-20-at-16.53.29-2.jpeg\"><\/a>HO HEM ACONSEGUIT !<br \/>\nA l\u2019espai \u201cBitxus\u201d de la comunitat de grans ens vam proposar estudiar la reproducci\u00f3 de la gallina.\u00a0<br \/>\nUn primer grup va intentar tenir pollets nascuts a la nostra incubadora per\u00f2 no hi va haver sort. Despr\u00e9s d\u2019esperar els 21 dies tenint cura&hellip;  <a href=\"https:\/\/agora.xtec.cat\/escolalavilapalamos\/general\/han-nascut-dos-pollets-a-lescola\/\" title=\"Read Han nascut dos pollets a l&#8217;escola\">Llegeix m\u00e9s\u00bb<\/a><\/p>\n","protected":false},"author":1,"featured_media":7569,"comment_status":"open","ping_status":"closed","sticky":false,"template":"","format":"standard","meta":{"_bbp_topic_count":0,"_bbp_reply_count":0,"_bbp_total_topic_count":0,"_bbp_total_reply_count":0,"_bbp_voice_count":0,"_bbp_anonymous_reply_count":0,"_bbp_topic_count_hidden":0,"_bbp_reply_count_hidden":0,"_bbp_forum_subforum_count":0,"footnotes":""},"categories":[128,1,4,5],"tags":[],"class_list":["post-7567","post","type-post","status-publish","format-standard","has-post-thumbnail","hentry","category-comunitat-de-grans","category-general","category-portada","category-primaria"],"post_mailing_queue_ids":[],"_links":{"self":[{"href":"https:\/\/agora.xtec.cat\/escolalavilapalamos\/wp-json\/wp\/v2\/posts\/7567","targetHints":{"allow":["GET"]}}],"collection":[{"href":"https:\/\/agora.xtec.cat\/escolalavilapalamos\/wp-json\/wp\/v2\/posts"}],"about":[{"href":"https:\/\/agora.xtec.cat\/escolalavilapalamos\/wp-json\/wp\/v2\/types\/post"}],"author":[{"embeddable":true,"href":"https:\/\/agora.xtec.cat\/escolalavilapalamos\/wp-json\/wp\/v2\/users\/1"}],"replies":[{"embeddable":true,"href":"https:\/\/agora.xtec.cat\/escolalavilapalamos\/wp-json\/wp\/v2\/comments?post=7567"}],"version-history":[{"count":3,"href":"https:\/\/agora.xtec.cat\/escolalavilapalamos\/wp-json\/wp\/v2\/posts\/7567\/revisions"}],"predecessor-version":[{"id":7571,"href":"https:\/\/agora.xtec.cat\/escolalavilapalamos\/wp-json\/wp\/v2\/posts\/7567\/revisions\/7571"}],"wp:featuredmedia":[{"embeddable":true,"href":"https:\/\/agora.xtec.cat\/escolalavilapalamos\/wp-json\/wp\/v2\/media\/7569"}],"wp:attachment":[{"href":"https:\/\/agora.xtec.cat\/escolalavilapalamos\/wp-json\/wp\/v2\/media?parent=7567"}],"wp:term":[{"taxonomy":"category","embeddable":true,"href":"https:\/\/agora.xtec.cat\/escolalavilapalamos\/wp-json\/wp\/v2\/categories?post=7567"},{"taxonomy":"post_tag","embeddable":true,"href":"https:\/\/agora.xtec.cat\/escolalavilapalamos\/wp-json\/wp\/v2\/tags?post=7567"}],"curies":[{"name":"wp","href":"https:\/\/api.w.org\/{rel}","templated":true}]}}