{"id":7563,"date":"2020-03-20T16:16:24","date_gmt":"2020-03-20T15:16:24","guid":{"rendered":"http:\/\/agora.xtec.cat\/escolalavilapalamos\/?p=7563"},"modified":"2020-03-20T17:00:59","modified_gmt":"2020-03-20T16:00:59","slug":"els-espais-exteriors-de-lescola","status":"publish","type":"post","link":"https:\/\/agora.xtec.cat\/escolalavilapalamos\/general\/els-espais-exteriors-de-lescola\/","title":{"rendered":"Els espais exteriors de l&#8217;escola"},"content":{"rendered":"<p><strong><span style=\"color: #339966;\"><a href=\"https:\/\/agora.xtec.cat\/escolalavilapalamos\/wp-content\/uploads\/usu897\/2020\/03\/IMG_20181026_105809.jpg\"><img loading=\"lazy\" decoding=\"async\" class=\"wp-image-7564 alignright\" src=\"https:\/\/agora.xtec.cat\/escolalavilapalamos\/wp-content\/uploads\/usu897\/2020\/03\/IMG_20181026_105809-1024x768.jpg\" alt=\"\" width=\"358\" height=\"269\" srcset=\"https:\/\/agora.xtec.cat\/escolalavilapalamos\/wp-content\/uploads\/usu897\/2020\/03\/IMG_20181026_105809-1024x768.jpg 1024w, https:\/\/agora.xtec.cat\/escolalavilapalamos\/wp-content\/uploads\/usu897\/2020\/03\/IMG_20181026_105809-300x225.jpg 300w, https:\/\/agora.xtec.cat\/escolalavilapalamos\/wp-content\/uploads\/usu897\/2020\/03\/IMG_20181026_105809-768x576.jpg 768w, https:\/\/agora.xtec.cat\/escolalavilapalamos\/wp-content\/uploads\/usu897\/2020\/03\/IMG_20181026_105809-200x150.jpg 200w, https:\/\/agora.xtec.cat\/escolalavilapalamos\/wp-content\/uploads\/usu897\/2020\/03\/IMG_20181026_105809.jpg 1175w\" sizes=\"auto, (max-width: 358px) 100vw, 358px\" \/><\/a>Els espais exteriores de prim\u00e0ria poc a poc han anat convertint-se en espais de natura, de joc, d\u2019aprenentatge i de creativitat.\u00a0<\/span><\/strong><\/p>\n<p>Amb totes les actuacions que s\u2019han fet al pati com ara treure l\u2019asfalt, crear un espai natural amb els arbres i els arbustos, incorporar la cuineta, la cabana i darrerament la font, entre d\u2019altres&#8230; tots els nens i nenes tenen un ventall ampli de possibilitats de joc, aix\u00f2 ha provocat una millora en les relacions reduint els conflictes i a on hem pogut observar que les agrupacions per internivell s\u00f3n cada vegada m\u00e9s comunes. Encara queda molta feina per fer per\u00f2 volem agrair a tota la comunitat educativa per fer-ho possible. A continuaci\u00f3 teniu un <a href=\"https:\/\/photos.app.goo.gl\/izRmD3zzuvA6UYRu7\">recull de fotografies de l\u2019hora d\u2019esbarjo<\/a><\/p>\n<h4 style=\"text-align: center;\"><em>\u201cNo deixis mai de jugar perqu\u00e8 jugant s\u2019aprenen moltes coses i una d\u2019elles a ser millor persona\u201d<\/em><\/h4>\n","protected":false},"excerpt":{"rendered":"<p><a href=\"https:\/\/agora.xtec.cat\/escolalavilapalamos\/wp-content\/uploads\/usu897\/2020\/03\/IMG_20181026_105809.jpg\"><\/a>Els espais exteriores de prim\u00e0ria poc a poc han anat convertint-se en espais de natura, de joc, d\u2019aprenentatge i de creativitat.\u00a0<br \/>\nAmb totes les actuacions que s\u2019han fet al pati com ara treure l\u2019asfalt, crear un espai natural amb els arbres i els arbustos, incorporar&hellip;  <a href=\"https:\/\/agora.xtec.cat\/escolalavilapalamos\/general\/els-espais-exteriors-de-lescola\/\" title=\"Read Els espais exteriors de l&#8217;escola\">Llegeix m\u00e9s\u00bb<\/a><\/p>\n","protected":false},"author":1,"featured_media":7564,"comment_status":"open","ping_status":"closed","sticky":false,"template":"","format":"standard","meta":{"_bbp_topic_count":0,"_bbp_reply_count":0,"_bbp_total_topic_count":0,"_bbp_total_reply_count":0,"_bbp_voice_count":0,"_bbp_anonymous_reply_count":0,"_bbp_topic_count_hidden":0,"_bbp_reply_count_hidden":0,"_bbp_forum_subforum_count":0,"footnotes":""},"categories":[123,1,4],"tags":[],"class_list":["post-7563","post","type-post","status-publish","format-standard","has-post-thumbnail","hentry","category-patis","category-general","category-portada"],"post_mailing_queue_ids":[],"_links":{"self":[{"href":"https:\/\/agora.xtec.cat\/escolalavilapalamos\/wp-json\/wp\/v2\/posts\/7563","targetHints":{"allow":["GET"]}}],"collection":[{"href":"https:\/\/agora.xtec.cat\/escolalavilapalamos\/wp-json\/wp\/v2\/posts"}],"about":[{"href":"https:\/\/agora.xtec.cat\/escolalavilapalamos\/wp-json\/wp\/v2\/types\/post"}],"author":[{"embeddable":true,"href":"https:\/\/agora.xtec.cat\/escolalavilapalamos\/wp-json\/wp\/v2\/users\/1"}],"replies":[{"embeddable":true,"href":"https:\/\/agora.xtec.cat\/escolalavilapalamos\/wp-json\/wp\/v2\/comments?post=7563"}],"version-history":[{"count":2,"href":"https:\/\/agora.xtec.cat\/escolalavilapalamos\/wp-json\/wp\/v2\/posts\/7563\/revisions"}],"predecessor-version":[{"id":7566,"href":"https:\/\/agora.xtec.cat\/escolalavilapalamos\/wp-json\/wp\/v2\/posts\/7563\/revisions\/7566"}],"wp:featuredmedia":[{"embeddable":true,"href":"https:\/\/agora.xtec.cat\/escolalavilapalamos\/wp-json\/wp\/v2\/media\/7564"}],"wp:attachment":[{"href":"https:\/\/agora.xtec.cat\/escolalavilapalamos\/wp-json\/wp\/v2\/media?parent=7563"}],"wp:term":[{"taxonomy":"category","embeddable":true,"href":"https:\/\/agora.xtec.cat\/escolalavilapalamos\/wp-json\/wp\/v2\/categories?post=7563"},{"taxonomy":"post_tag","embeddable":true,"href":"https:\/\/agora.xtec.cat\/escolalavilapalamos\/wp-json\/wp\/v2\/tags?post=7563"}],"curies":[{"name":"wp","href":"https:\/\/api.w.org\/{rel}","templated":true}]}}