{"id":7556,"date":"2020-03-21T16:33:50","date_gmt":"2020-03-21T15:33:50","guid":{"rendered":"http:\/\/agora.xtec.cat\/escolalavilapalamos\/?p=7556"},"modified":"2020-03-21T16:36:18","modified_gmt":"2020-03-21T15:36:18","slug":"caixes-dinvestigacio-de-la-comunitat-de-grans","status":"publish","type":"post","link":"https:\/\/agora.xtec.cat\/escolalavilapalamos\/general\/caixes-dinvestigacio-de-la-comunitat-de-grans\/","title":{"rendered":"Caixes d&#8217;investigaci\u00f3 de la comunitat de grans"},"content":{"rendered":"<p><a href=\"https:\/\/agora.xtec.cat\/escolalavilapalamos\/wp-content\/uploads\/usu897\/2020\/03\/1CC038BD-B8EB-4E63-8629-B61409BBF68E.jpeg\"><img loading=\"lazy\" decoding=\"async\" class=\"wp-image-7599 alignright\" src=\"https:\/\/agora.xtec.cat\/escolalavilapalamos\/wp-content\/uploads\/usu897\/2020\/03\/1CC038BD-B8EB-4E63-8629-B61409BBF68E-1024x768.jpeg\" alt=\"\" width=\"393\" height=\"295\" srcset=\"https:\/\/agora.xtec.cat\/escolalavilapalamos\/wp-content\/uploads\/usu897\/2020\/03\/1CC038BD-B8EB-4E63-8629-B61409BBF68E-1024x768.jpeg 1024w, https:\/\/agora.xtec.cat\/escolalavilapalamos\/wp-content\/uploads\/usu897\/2020\/03\/1CC038BD-B8EB-4E63-8629-B61409BBF68E-300x225.jpeg 300w, https:\/\/agora.xtec.cat\/escolalavilapalamos\/wp-content\/uploads\/usu897\/2020\/03\/1CC038BD-B8EB-4E63-8629-B61409BBF68E-768x576.jpeg 768w, https:\/\/agora.xtec.cat\/escolalavilapalamos\/wp-content\/uploads\/usu897\/2020\/03\/1CC038BD-B8EB-4E63-8629-B61409BBF68E-200x150.jpeg 200w, https:\/\/agora.xtec.cat\/escolalavilapalamos\/wp-content\/uploads\/usu897\/2020\/03\/1CC038BD-B8EB-4E63-8629-B61409BBF68E.jpeg 1176w\" sizes=\"auto, (max-width: 393px) 100vw, 393px\" \/><\/a>A la comunitat de grans unes hores a la setmana fem <strong><span style=\"color: #ff6600;\">caixes d&#8217;investigaci\u00f3<\/span><\/strong>.<\/p>\n<p>Aquestes caixes contenen un gui\u00f3 per seguir ben pautat i tot el material necessari per dur a terme una investigaci\u00f3 relacionada amb temes sobretot cient\u00edfics i del m\u00f3n que ens envolta. Aquest treball es fa en grups de 3 i sobretot es fomenta l&#8217;autonomia. Un cop acaba la caixa i concluida l&#8217;investigaci\u00f3, els alumnes s&#8217;autoavaluen, reflexionen sobre el que han apr\u00e8s i fan propostes de millora.<\/p>\n<p>Aqu\u00ed us mostrem unes quantes<a href=\"https:\/\/photos.app.goo.gl\/EeEpqMswanfrKELK8\"> fotos del nostre treball<\/a>.<\/p>\n","protected":false},"excerpt":{"rendered":"<p><a href=\"https:\/\/agora.xtec.cat\/escolalavilapalamos\/wp-content\/uploads\/usu897\/2020\/03\/1CC038BD-B8EB-4E63-8629-B61409BBF68E.jpeg\"><\/a>A la comunitat de grans unes hores a la setmana fem caixes d&#8217;investigaci\u00f3.<br \/>\nAquestes caixes contenen un gui\u00f3 per seguir ben pautat i tot el material necessari per dur a terme una investigaci\u00f3 relacionada amb temes sobretot cient\u00edfics i del m\u00f3n que ens envolta. Aquest&hellip;  <a href=\"https:\/\/agora.xtec.cat\/escolalavilapalamos\/general\/caixes-dinvestigacio-de-la-comunitat-de-grans\/\" title=\"Read Caixes d&#8217;investigaci\u00f3 de la comunitat de grans\">Llegeix m\u00e9s\u00bb<\/a><\/p>\n","protected":false},"author":9,"featured_media":7599,"comment_status":"open","ping_status":"closed","sticky":false,"template":"","format":"standard","meta":{"_bbp_topic_count":0,"_bbp_reply_count":0,"_bbp_total_topic_count":0,"_bbp_total_reply_count":0,"_bbp_voice_count":0,"_bbp_anonymous_reply_count":0,"_bbp_topic_count_hidden":0,"_bbp_reply_count_hidden":0,"_bbp_forum_subforum_count":0,"footnotes":""},"categories":[128,1,4],"tags":[],"class_list":["post-7556","post","type-post","status-publish","format-standard","has-post-thumbnail","hentry","category-comunitat-de-grans","category-general","category-portada"],"post_mailing_queue_ids":[],"_links":{"self":[{"href":"https:\/\/agora.xtec.cat\/escolalavilapalamos\/wp-json\/wp\/v2\/posts\/7556","targetHints":{"allow":["GET"]}}],"collection":[{"href":"https:\/\/agora.xtec.cat\/escolalavilapalamos\/wp-json\/wp\/v2\/posts"}],"about":[{"href":"https:\/\/agora.xtec.cat\/escolalavilapalamos\/wp-json\/wp\/v2\/types\/post"}],"author":[{"embeddable":true,"href":"https:\/\/agora.xtec.cat\/escolalavilapalamos\/wp-json\/wp\/v2\/users\/9"}],"replies":[{"embeddable":true,"href":"https:\/\/agora.xtec.cat\/escolalavilapalamos\/wp-json\/wp\/v2\/comments?post=7556"}],"version-history":[{"count":3,"href":"https:\/\/agora.xtec.cat\/escolalavilapalamos\/wp-json\/wp\/v2\/posts\/7556\/revisions"}],"predecessor-version":[{"id":7600,"href":"https:\/\/agora.xtec.cat\/escolalavilapalamos\/wp-json\/wp\/v2\/posts\/7556\/revisions\/7600"}],"wp:featuredmedia":[{"embeddable":true,"href":"https:\/\/agora.xtec.cat\/escolalavilapalamos\/wp-json\/wp\/v2\/media\/7599"}],"wp:attachment":[{"href":"https:\/\/agora.xtec.cat\/escolalavilapalamos\/wp-json\/wp\/v2\/media?parent=7556"}],"wp:term":[{"taxonomy":"category","embeddable":true,"href":"https:\/\/agora.xtec.cat\/escolalavilapalamos\/wp-json\/wp\/v2\/categories?post=7556"},{"taxonomy":"post_tag","embeddable":true,"href":"https:\/\/agora.xtec.cat\/escolalavilapalamos\/wp-json\/wp\/v2\/tags?post=7556"}],"curies":[{"name":"wp","href":"https:\/\/api.w.org\/{rel}","templated":true}]}}