{"id":7541,"date":"2020-03-20T18:10:27","date_gmt":"2020-03-20T17:10:27","guid":{"rendered":"http:\/\/agora.xtec.cat\/escolalavilapalamos\/?p=7541"},"modified":"2020-03-20T21:41:55","modified_gmt":"2020-03-20T20:41:55","slug":"excursio-a-terrassa-de-6e","status":"publish","type":"post","link":"https:\/\/agora.xtec.cat\/escolalavilapalamos\/general\/excursio-a-terrassa-de-6e\/","title":{"rendered":"Excursi\u00f3 a Terrassa de 6\u00e8"},"content":{"rendered":"<p><a href=\"https:\/\/agora.xtec.cat\/escolalavilapalamos\/wp-content\/uploads\/usu897\/2020\/03\/WhatsApp-Image-2020-02-25-at-15.36.21-11.jpeg\"><img loading=\"lazy\" decoding=\"async\" class=\"wp-image-7580 alignleft\" src=\"https:\/\/agora.xtec.cat\/escolalavilapalamos\/wp-content\/uploads\/usu897\/2020\/03\/WhatsApp-Image-2020-02-25-at-15.36.21-11-1024x768.jpeg\" alt=\"\" width=\"428\" height=\"321\" srcset=\"https:\/\/agora.xtec.cat\/escolalavilapalamos\/wp-content\/uploads\/usu897\/2020\/03\/WhatsApp-Image-2020-02-25-at-15.36.21-11.jpeg 1024w, https:\/\/agora.xtec.cat\/escolalavilapalamos\/wp-content\/uploads\/usu897\/2020\/03\/WhatsApp-Image-2020-02-25-at-15.36.21-11-300x225.jpeg 300w, https:\/\/agora.xtec.cat\/escolalavilapalamos\/wp-content\/uploads\/usu897\/2020\/03\/WhatsApp-Image-2020-02-25-at-15.36.21-11-768x576.jpeg 768w, https:\/\/agora.xtec.cat\/escolalavilapalamos\/wp-content\/uploads\/usu897\/2020\/03\/WhatsApp-Image-2020-02-25-at-15.36.21-11-200x150.jpeg 200w\" sizes=\"auto, (max-width: 428px) 100vw, 428px\" \/><\/a>El passat 25 de febrer els alumnes de 6\u00e8 vam anar d&#8217;excursi\u00f3 a Terrassa per visitar el museu de la ci\u00e8ncia i la t\u00e8cnica de Catalunya.<\/p>\n<p>Al arribar, vam fer dos grups, un visitava lliurement el museu on hi havia un munt de propostes per veure i experimentar com funcionen les coses i com ha evolucionat tot (l&#8217;energia, les m\u00e0quines, el cos, l&#8217;espai&#8230;). Mentrestant, l&#8217;altre grup feia un taller pr\u00e0ctic d&#8217;experiments anomenat taller de f\u00edsica Mentora Alsina on vam veure qu\u00e8 passava amb les part\u00edcules quan es feia el buit, vam treballar amb els estats de la mat\u00e8ria, l&#8217;electricitat i amb la llum.<\/p>\n<p>Aqu\u00ed teniu un petit <a href=\"https:\/\/photos.app.goo.gl\/9PbGnng24SweUNiDA\">recull de fotografies de la sortida!<\/a><\/p>\n<p>&nbsp;<\/p>\n<p>&nbsp;<\/p>\n","protected":false},"excerpt":{"rendered":"<p><a href=\"https:\/\/agora.xtec.cat\/escolalavilapalamos\/wp-content\/uploads\/usu897\/2020\/03\/WhatsApp-Image-2020-02-25-at-15.36.21-11.jpeg\"><\/a>El passat 25 de febrer els alumnes de 6\u00e8 vam anar d&#8217;excursi\u00f3 a Terrassa per visitar el museu de la ci\u00e8ncia i la t\u00e8cnica de Catalunya.<br \/>\nAl arribar, vam fer dos grups, un visitava lliurement el museu on hi havia un munt de propostes per&hellip;  <a href=\"https:\/\/agora.xtec.cat\/escolalavilapalamos\/general\/excursio-a-terrassa-de-6e\/\" title=\"Read Excursi\u00f3 a Terrassa de 6\u00e8\">Llegeix m\u00e9s\u00bb<\/a><\/p>\n","protected":false},"author":9,"featured_media":7580,"comment_status":"open","ping_status":"closed","sticky":false,"template":"","format":"standard","meta":{"_bbp_topic_count":0,"_bbp_reply_count":0,"_bbp_total_topic_count":0,"_bbp_total_reply_count":0,"_bbp_voice_count":0,"_bbp_anonymous_reply_count":0,"_bbp_topic_count_hidden":0,"_bbp_reply_count_hidden":0,"_bbp_forum_subforum_count":0,"footnotes":""},"categories":[128,1,4],"tags":[],"class_list":["post-7541","post","type-post","status-publish","format-standard","has-post-thumbnail","hentry","category-comunitat-de-grans","category-general","category-portada"],"post_mailing_queue_ids":[],"_links":{"self":[{"href":"https:\/\/agora.xtec.cat\/escolalavilapalamos\/wp-json\/wp\/v2\/posts\/7541","targetHints":{"allow":["GET"]}}],"collection":[{"href":"https:\/\/agora.xtec.cat\/escolalavilapalamos\/wp-json\/wp\/v2\/posts"}],"about":[{"href":"https:\/\/agora.xtec.cat\/escolalavilapalamos\/wp-json\/wp\/v2\/types\/post"}],"author":[{"embeddable":true,"href":"https:\/\/agora.xtec.cat\/escolalavilapalamos\/wp-json\/wp\/v2\/users\/9"}],"replies":[{"embeddable":true,"href":"https:\/\/agora.xtec.cat\/escolalavilapalamos\/wp-json\/wp\/v2\/comments?post=7541"}],"version-history":[{"count":3,"href":"https:\/\/agora.xtec.cat\/escolalavilapalamos\/wp-json\/wp\/v2\/posts\/7541\/revisions"}],"predecessor-version":[{"id":7581,"href":"https:\/\/agora.xtec.cat\/escolalavilapalamos\/wp-json\/wp\/v2\/posts\/7541\/revisions\/7581"}],"wp:featuredmedia":[{"embeddable":true,"href":"https:\/\/agora.xtec.cat\/escolalavilapalamos\/wp-json\/wp\/v2\/media\/7580"}],"wp:attachment":[{"href":"https:\/\/agora.xtec.cat\/escolalavilapalamos\/wp-json\/wp\/v2\/media?parent=7541"}],"wp:term":[{"taxonomy":"category","embeddable":true,"href":"https:\/\/agora.xtec.cat\/escolalavilapalamos\/wp-json\/wp\/v2\/categories?post=7541"},{"taxonomy":"post_tag","embeddable":true,"href":"https:\/\/agora.xtec.cat\/escolalavilapalamos\/wp-json\/wp\/v2\/tags?post=7541"}],"curies":[{"name":"wp","href":"https:\/\/api.w.org\/{rel}","templated":true}]}}