{"id":7534,"date":"2020-03-20T22:07:53","date_gmt":"2020-03-20T21:07:53","guid":{"rendered":"http:\/\/agora.xtec.cat\/escolalavilapalamos\/?p=7534"},"modified":"2020-03-21T11:29:06","modified_gmt":"2020-03-21T10:29:06","slug":"recorreguts-cientifics-a-la-comunitat-de-mitjans","status":"publish","type":"post","link":"https:\/\/agora.xtec.cat\/escolalavilapalamos\/general\/recorreguts-cientifics-a-la-comunitat-de-mitjans\/","title":{"rendered":"Recorreguts cient\u00edfics a la comunitat de mitjans"},"content":{"rendered":"<p style=\"text-align: justify;\"><span style=\"font-weight: 400;\"><a href=\"https:\/\/agora.xtec.cat\/escolalavilapalamos\/wp-content\/uploads\/usu897\/2020\/03\/unnamed-2.jpg\"><img loading=\"lazy\" decoding=\"async\" class=\" wp-image-7538 alignleft\" src=\"https:\/\/agora.xtec.cat\/escolalavilapalamos\/wp-content\/uploads\/usu897\/2020\/03\/unnamed-2.jpg\" alt=\"\" width=\"405\" height=\"304\" srcset=\"https:\/\/agora.xtec.cat\/escolalavilapalamos\/wp-content\/uploads\/usu897\/2020\/03\/unnamed-2.jpg 512w, https:\/\/agora.xtec.cat\/escolalavilapalamos\/wp-content\/uploads\/usu897\/2020\/03\/unnamed-2-300x225.jpg 300w, https:\/\/agora.xtec.cat\/escolalavilapalamos\/wp-content\/uploads\/usu897\/2020\/03\/unnamed-2-200x150.jpg 200w\" sizes=\"auto, (max-width: 405px) 100vw, 405px\" \/><\/a><span style=\"color: #800080;\"><strong>Els nens i nenes de la comunitat de mitjans aquest any hem iniciat els recorreguts cient\u00edfics.<\/strong> <\/span>Es tracta de treballar a partir del <strong>m\u00e8tode cient\u00edfic<\/strong>.<\/span><\/p>\n<p style=\"text-align: justify;\"><span style=\"font-weight: 400;\">Durant el primer trimestre vam decidir comen\u00e7ar per l\u2019<strong>astronomia.<\/strong> I ara estem investigant sobre el nostre planeta terra. Es tracta d\u2019observar el que ens envolta i fer-nos preguntes. Entre tots formulem hip\u00f2tesis. Experimentem per saber si el que ens pensem \u00e9s o no viable. En traiem conclusions i generem un producte final que pot ser un escrit, un dibuix, una creaci\u00f3&#8230;on queda recollit el que hem descobert. Aprenem\u00a0 a partir de dubtes reals i de q\u00fcestions properes. Tot aix\u00f2 d\u00f3na sentit a l\u2019aprenentatge.<\/span><\/p>\n<p>Podeu veure les fotos en els seg\u00fcents enlla\u00e7os:<\/p>\n<p><a href=\"https:\/\/photos.app.goo.gl\/x2yEgZFsJLT1rBtw9\">ASTRONOMIA 1r<\/a><\/p>\n<p><a href=\"https:\/\/photos.app.goo.gl\/zNRq9KmBLWe7kz1V7\">ASTRONOMIA 2n<\/a><\/p>\n<p><a href=\"https:\/\/photos.app.goo.gl\/yedWPsBSAxXnFP1F9\">ASTRONOMIA 3r<\/a><\/p>\n<p><a href=\"https:\/\/photos.app.goo.gl\/G59tog7Hn4PG3qTH9\">ASTRONOMIA EFI + M\u00daSICA<\/a><\/p>\n<p><a href=\"https:\/\/photos.app.goo.gl\/m4esnksVmgLKcZ5D7\">LA TERRA (comunitat de mitjans)<\/a><\/p>\n","protected":false},"excerpt":{"rendered":"<p><a href=\"https:\/\/agora.xtec.cat\/escolalavilapalamos\/wp-content\/uploads\/usu897\/2020\/03\/unnamed-2.jpg\"><\/a>Els nens i nenes de la comunitat de mitjans aquest any hem iniciat els recorreguts cient\u00edfics. Es tracta de treballar a partir del m\u00e8tode cient\u00edfic.<br \/>\nDurant el primer trimestre vam decidir comen\u00e7ar per l\u2019astronomia. I ara estem investigant sobre el nostre planeta terra. Es tracta&hellip;  <a href=\"https:\/\/agora.xtec.cat\/escolalavilapalamos\/general\/recorreguts-cientifics-a-la-comunitat-de-mitjans\/\" title=\"Read Recorreguts cient\u00edfics a la comunitat de mitjans\">Llegeix m\u00e9s\u00bb<\/a><\/p>\n","protected":false},"author":1,"featured_media":7538,"comment_status":"open","ping_status":"closed","sticky":false,"template":"","format":"standard","meta":{"_bbp_topic_count":0,"_bbp_reply_count":0,"_bbp_total_topic_count":0,"_bbp_total_reply_count":0,"_bbp_voice_count":0,"_bbp_anonymous_reply_count":0,"_bbp_topic_count_hidden":0,"_bbp_reply_count_hidden":0,"_bbp_forum_subforum_count":0,"footnotes":""},"categories":[127,1,4,5],"tags":[],"class_list":["post-7534","post","type-post","status-publish","format-standard","has-post-thumbnail","hentry","category-comunitat-de-mitjans","category-general","category-portada","category-primaria"],"post_mailing_queue_ids":[],"_links":{"self":[{"href":"https:\/\/agora.xtec.cat\/escolalavilapalamos\/wp-json\/wp\/v2\/posts\/7534","targetHints":{"allow":["GET"]}}],"collection":[{"href":"https:\/\/agora.xtec.cat\/escolalavilapalamos\/wp-json\/wp\/v2\/posts"}],"about":[{"href":"https:\/\/agora.xtec.cat\/escolalavilapalamos\/wp-json\/wp\/v2\/types\/post"}],"author":[{"embeddable":true,"href":"https:\/\/agora.xtec.cat\/escolalavilapalamos\/wp-json\/wp\/v2\/users\/1"}],"replies":[{"embeddable":true,"href":"https:\/\/agora.xtec.cat\/escolalavilapalamos\/wp-json\/wp\/v2\/comments?post=7534"}],"version-history":[{"count":3,"href":"https:\/\/agora.xtec.cat\/escolalavilapalamos\/wp-json\/wp\/v2\/posts\/7534\/revisions"}],"predecessor-version":[{"id":7595,"href":"https:\/\/agora.xtec.cat\/escolalavilapalamos\/wp-json\/wp\/v2\/posts\/7534\/revisions\/7595"}],"wp:featuredmedia":[{"embeddable":true,"href":"https:\/\/agora.xtec.cat\/escolalavilapalamos\/wp-json\/wp\/v2\/media\/7538"}],"wp:attachment":[{"href":"https:\/\/agora.xtec.cat\/escolalavilapalamos\/wp-json\/wp\/v2\/media?parent=7534"}],"wp:term":[{"taxonomy":"category","embeddable":true,"href":"https:\/\/agora.xtec.cat\/escolalavilapalamos\/wp-json\/wp\/v2\/categories?post=7534"},{"taxonomy":"post_tag","embeddable":true,"href":"https:\/\/agora.xtec.cat\/escolalavilapalamos\/wp-json\/wp\/v2\/tags?post=7534"}],"curies":[{"name":"wp","href":"https:\/\/api.w.org\/{rel}","templated":true}]}}