{"id":7517,"date":"2020-03-13T17:31:12","date_gmt":"2020-03-13T16:31:12","guid":{"rendered":"http:\/\/agora.xtec.cat\/escolalavilapalamos\/?p=7517"},"modified":"2020-03-20T16:18:13","modified_gmt":"2020-03-20T15:18:13","slug":"recomanacions-de-tasques","status":"publish","type":"post","link":"https:\/\/agora.xtec.cat\/escolalavilapalamos\/general\/recomanacions-de-tasques\/","title":{"rendered":"Recomanacions de tasques"},"content":{"rendered":"<p><a href=\"https:\/\/agora.xtec.cat\/escolalavilapalamos\/wp-content\/uploads\/usu897\/2020\/03\/deuresllenguaimatge.png\"><img loading=\"lazy\" decoding=\"async\" class=\"size-full wp-image-7518 alignright\" src=\"https:\/\/agora.xtec.cat\/escolalavilapalamos\/wp-content\/uploads\/usu897\/2020\/03\/deuresllenguaimatge.png\" alt=\"\" width=\"300\" height=\"291\" \/><\/a>Us passem algunes recomanacions d&#8217;activitats que els vostres fills i filles poden fer durant aquests quinze dies de confinament. Som conscients que no totes les fam\u00edlies s&#8217;ho podran organitzar de la mateixa manera, cadasc\u00fa t\u00e9 les seves circumst\u00e0ncies, per tant no es poden considerar feines obligat\u00f2ries i\/o avaluables , s\u00f3n propostes.<\/p>\n<ul>\n<li style=\"font-weight: 400;\">Comen\u00e7a una\u00a0<strong>petita col\u00b7lecci\u00f3<\/strong>: de cromos, de postals\u2026i escriu una caracter\u00edstica de cada un d&#8217;ells.<\/li>\n<li style=\"font-weight: 400;\">Fes un\u00a0<strong>diari d&#8217;aquests dies<\/strong>. Explica el que fas\u00a0 i afegeix fotos, dibuixos&#8230;<\/li>\n<li style=\"font-weight: 400;\"><strong>Llegeix\u00a0<\/strong>contes, llibres, revistes, c\u00f2mics, r\u00e8tols que et trobis pel carrer, tr\u00edptics\u2026.<\/li>\n<li style=\"font-weight: 400;\">Mira alguna <strong>pel\u00b7l\u00edcula<\/strong>\u00a0i<strong>\u00a0documental<\/strong>\u00a0en angl\u00e8s.<\/li>\n<li style=\"font-weight: 400;\">Juga a\u00a0<strong>jocs de taula<\/strong>: parx\u00eds, escacs, d\u00f2mino, l\u2019oca, jocs de cartes, rummykub, scrabble, monopoly\u2026<\/li>\n<li style=\"font-weight: 400;\">Munta <strong>puzzles, maquetes, lego<\/strong>\u00a0\u2026<\/li>\n<li style=\"font-weight: 400;\">Escolta diferents estils de\u00a0<strong>m\u00fasica <\/strong>i descobreix algun grup. Explica&#8217;ns quin estil toquen, quins instruments, d&#8217;on son&#8230;<\/li>\n<li style=\"font-weight: 400;\">Fes\u00a0<strong>dibuixos al natural.<\/strong><\/li>\n<li style=\"font-weight: 400;\">Recorda com ser <strong>sostenible amb el nostre planeta<\/strong>\u00a0i fes una llista de propostes de millora pel nostre dia a dia.<\/li>\n<li style=\"font-weight: 400;\">Practica <strong>la jardineria:\u00a0<\/strong>planta plantes, rega, fes un hort\u2026. Dibuixa i explica el proc\u00e9s que has seguit.<\/li>\n<li style=\"font-weight: 400;\"><strong>Cuina<\/strong>: segueix una recepta entenent cada pas i mesura les quantitats que diu la recepta. Poden ser receptes senzilles com: gelats, granissats, batuts, gelatina, truites, galetes, magdalenes, amanides, maced\u00f2nies\u2026Pots fer fotos i compartir-les amb els companys quan tornem a l&#8217;escola.<\/li>\n<\/ul>\n<p style=\"font-weight: 400;\">. Crea amb material\u00a0<strong>reciclable<\/strong>\u00a0(caixes, rulls&#8230;)i fes una maqueta o un collage<\/p>\n<ul style=\"font-weight: 400;\">\n<li>Escriu un\u00a0<strong>conte<\/strong>\u00a0amb els personatges de Sant Jordi per\u00f2 imagina&#8217;t que es canvien els rols.<\/li>\n<li>Fes un\u00a0<strong>dibuix<\/strong>\u00a0o alguna\u00a0<strong>decoraci\u00f3<\/strong>\u00a0relacionada amb la primavera, tornant a l&#8217;escola podem exposar tot el que hagueu fet.<\/li>\n<\/ul>\n<p style=\"font-weight: 400;\">Juga mentre aprens amb moltes de les webs seg\u00fcents:<\/p>\n<p style=\"font-weight: 400;\"><a href=\"https:\/\/natibergada.cat\/20-webs-de-recursos-educatius-que-no-et-pots-perdre\" data-saferedirecturl=\"https:\/\/www.google.com\/url?q=https:\/\/natibergada.cat\/20-webs-de-recursos-educatius-que-no-et-pots-perdre&amp;source=gmail&amp;ust=1584200796341000&amp;usg=AFQjCNFZPBLTHQaGnFrRW7_qBZvB0P6QaA\">https:\/\/natibergada.cat\/20-webs-de-recursos-educatius-que-no-et-pots-perdre<\/a><\/p>\n<p style=\"font-weight: 400;\">Esperem que ben aviat tot torni a la normalitat.<\/p>\n<p style=\"font-weight: 400;\">Molta salut per a tots i totes. I recordeu no abusar de l&#8217;\u00fas de pantalles durant aquests dies!<\/p>\n<p style=\"font-weight: 400;\"><a href=\"https:\/\/criatures.ara.cat\/familia\/infants-enganxats-pantalles-com-actuar-familia_0_2235976394.html\" data-saferedirecturl=\"https:\/\/www.google.com\/url?q=https:\/\/criatures.ara.cat\/familia\/infants-enganxats-pantalles-com-actuar-familia_0_2235976394.html&amp;source=gmail&amp;ust=1584200796342000&amp;usg=AFQjCNEC5vfHJz3XZSgYay8169X2d5SICQ\">Enganxats a les pantalles?<\/a><\/p>\n<p style=\"font-weight: 400;\">Equip de mestres Escola La Vila<\/p>\n","protected":false},"excerpt":{"rendered":"<p><a href=\"https:\/\/agora.xtec.cat\/escolalavilapalamos\/wp-content\/uploads\/usu897\/2020\/03\/deuresllenguaimatge.png\"><\/a>Us passem algunes recomanacions d&#8217;activitats que els vostres fills i filles poden fer durant aquests quinze dies de confinament. Som conscients que no totes les fam\u00edlies s&#8217;ho podran organitzar de la mateixa manera, cadasc\u00fa t\u00e9 les seves circumst\u00e0ncies, per tant no es poden considerar&hellip;  <a href=\"https:\/\/agora.xtec.cat\/escolalavilapalamos\/general\/recomanacions-de-tasques\/\" title=\"Read Recomanacions de tasques\">Llegeix m\u00e9s\u00bb<\/a><\/p>\n","protected":false},"author":1,"featured_media":7518,"comment_status":"open","ping_status":"closed","sticky":false,"template":"","format":"standard","meta":{"_bbp_topic_count":0,"_bbp_reply_count":0,"_bbp_total_topic_count":0,"_bbp_total_reply_count":0,"_bbp_voice_count":0,"_bbp_anonymous_reply_count":0,"_bbp_topic_count_hidden":0,"_bbp_reply_count_hidden":0,"_bbp_forum_subforum_count":0,"footnotes":""},"categories":[128,127,2,1,4],"tags":[],"class_list":["post-7517","post","type-post","status-publish","format-standard","has-post-thumbnail","hentry","category-comunitat-de-grans","category-comunitat-de-mitjans","category-infantil","category-general","category-portada"],"post_mailing_queue_ids":[],"_links":{"self":[{"href":"https:\/\/agora.xtec.cat\/escolalavilapalamos\/wp-json\/wp\/v2\/posts\/7517","targetHints":{"allow":["GET"]}}],"collection":[{"href":"https:\/\/agora.xtec.cat\/escolalavilapalamos\/wp-json\/wp\/v2\/posts"}],"about":[{"href":"https:\/\/agora.xtec.cat\/escolalavilapalamos\/wp-json\/wp\/v2\/types\/post"}],"author":[{"embeddable":true,"href":"https:\/\/agora.xtec.cat\/escolalavilapalamos\/wp-json\/wp\/v2\/users\/1"}],"replies":[{"embeddable":true,"href":"https:\/\/agora.xtec.cat\/escolalavilapalamos\/wp-json\/wp\/v2\/comments?post=7517"}],"version-history":[{"count":3,"href":"https:\/\/agora.xtec.cat\/escolalavilapalamos\/wp-json\/wp\/v2\/posts\/7517\/revisions"}],"predecessor-version":[{"id":7527,"href":"https:\/\/agora.xtec.cat\/escolalavilapalamos\/wp-json\/wp\/v2\/posts\/7517\/revisions\/7527"}],"wp:featuredmedia":[{"embeddable":true,"href":"https:\/\/agora.xtec.cat\/escolalavilapalamos\/wp-json\/wp\/v2\/media\/7518"}],"wp:attachment":[{"href":"https:\/\/agora.xtec.cat\/escolalavilapalamos\/wp-json\/wp\/v2\/media?parent=7517"}],"wp:term":[{"taxonomy":"category","embeddable":true,"href":"https:\/\/agora.xtec.cat\/escolalavilapalamos\/wp-json\/wp\/v2\/categories?post=7517"},{"taxonomy":"post_tag","embeddable":true,"href":"https:\/\/agora.xtec.cat\/escolalavilapalamos\/wp-json\/wp\/v2\/tags?post=7517"}],"curies":[{"name":"wp","href":"https:\/\/api.w.org\/{rel}","templated":true}]}}