{"id":7510,"date":"2020-05-23T17:30:26","date_gmt":"2020-05-23T15:30:26","guid":{"rendered":"http:\/\/agora.xtec.cat\/escolalavilapalamos\/?p=7510"},"modified":"2020-05-31T11:00:20","modified_gmt":"2020-05-31T09:00:20","slug":"preinscripcio-2020-21","status":"publish","type":"post","link":"https:\/\/agora.xtec.cat\/escolalavilapalamos\/general\/preinscripcio-2020-21\/","title":{"rendered":"Preinscripci\u00f3 curs 2020-21"},"content":{"rendered":"<h3>Preinscripci\u00f3 curs 2020-21<\/h3>\n<p><a href=\"https:\/\/agora.xtec.cat\/escolalavilapalamos\/wp-content\/uploads\/usu897\/2020\/03\/CUB-DESTACAT-WEB-PREINSCRIPCIO-2020-2021.jpg\"><img loading=\"lazy\" decoding=\"async\" class=\"wp-image-7511 alignleft\" src=\"https:\/\/agora.xtec.cat\/escolalavilapalamos\/wp-content\/uploads\/usu897\/2020\/03\/CUB-DESTACAT-WEB-PREINSCRIPCIO-2020-2021.jpg\" alt=\"\" width=\"218\" height=\"163\" srcset=\"https:\/\/agora.xtec.cat\/escolalavilapalamos\/wp-content\/uploads\/usu897\/2020\/03\/CUB-DESTACAT-WEB-PREINSCRIPCIO-2020-2021.jpg 380w, https:\/\/agora.xtec.cat\/escolalavilapalamos\/wp-content\/uploads\/usu897\/2020\/03\/CUB-DESTACAT-WEB-PREINSCRIPCIO-2020-2021-300x225.jpg 300w, https:\/\/agora.xtec.cat\/escolalavilapalamos\/wp-content\/uploads\/usu897\/2020\/03\/CUB-DESTACAT-WEB-PREINSCRIPCIO-2020-2021-200x150.jpg 200w\" sizes=\"auto, (max-width: 218px) 100vw, 218px\" \/><\/a>El per\u00edode de <strong>preinscripci\u00f3 del curs 2020-21<\/strong> \u00e9s del dimecres 13 al divendres 22 de maig. <span style=\"color: #ff0000;\">El per\u00edode de preinscripci\u00f3 ha finalitzat. Per noves preinscripcions s&#8217;ha de trucar al tel\u00e8fon de l&#8217;OME (Oficina Municipal d&#8217;Escolaritzaci\u00f3) al tel\u00e8fon 972318702<\/span><\/p>\n<p>Atenci\u00f3: s&#8217;ha de preinscriure els\/les alumnes nous de P3 i altres cursos que volen canviar de centre escolar. Els\/les nens\/es que estan matriculats el curs 2019-20 i volen continuar a la mateixa escola no han de fer el proc\u00e9s de preinscripci\u00f3.<\/p>\n<p><iframe loading=\"lazy\" src=\"\/\/www.youtube.com\/embed\/Olswjb9-Lwo\" width=\"560\" height=\"314\" data-mce-fragment=\"1\"><\/iframe><\/p>\n<p>A partir del 13 de maig es pot fer telem\u00e0ticament. <a href=\"http:\/\/ensenyament.gencat.cat\/ca\/tramits\/tramits-temes\/20483-obligatoris?moda=1\"><strong>Aquest \u00e9s l&#8217;enlla\u00e7 per fer-ho telem\u00e0ticament<\/strong><\/a><em><strong>. <\/strong><\/em><strong>Recordeu que cal evitar despla\u00e7ar-se al centre escolar. A mesura que sigui possible s&#8217;ha de fer per via telem\u00e0tica.<\/strong><em><br \/>\n<\/em><\/p>\n<p>Del 19 al 22 de maig tamb\u00e9 es pot fer presencialment en el centre escolar. Horari de 9h a 13:30 h. No s&#8217;han de portar documents a l&#8217;escola sin\u00f3 documents escanejats o fotografiats i enviar-los per mail. No s&#8217;acceptaran documents en paper.<\/p>\n<p><strong>Cal demanar cita pr\u00e8via abans d&#8217;anar a l&#8217;escola.<\/strong> <a href=\"https:\/\/aplicacions.gestioeducativa.gencat.cat\/pls\/apex\/f?p=CITA_PREVIA:4::::4:P4_TIPUS_CALENDARI,P4_DOMINI:01_Oblig,17002569\">Clica aqu\u00ed<\/a><\/p>\n<p><strong>Per m\u00e9s informaci\u00f3 pots enviar un correu a l&#8217;escola <a href=\"mailto:b7002569@xtec.cat\">b7002569@xtec.cat<\/a> o b\u00e9 trucar al 972314344 ( de 9 a 14 h). Codi de centre 17002569<br \/>\n<\/strong><\/p>\n<p>Necessites un volant d&#8217;empadronament de l&#8217;Ajuntament ? <a href=\"https:\/\/drive.google.com\/file\/d\/1EpHH26NzPSjQ4HEuLMr9Lii2eF0aHWL7\/view?usp=sharing\">Clica per saber com demanar-lo<\/a><\/p>\n<p><a href=\"https:\/\/agora.xtec.cat\/escolalavilapalamos\/wp-content\/uploads\/usu897\/2020\/05\/preinscripci\u00f3.jpg\"><img loading=\"lazy\" decoding=\"async\" class=\" wp-image-7775 alignright\" src=\"https:\/\/agora.xtec.cat\/escolalavilapalamos\/wp-content\/uploads\/usu897\/2020\/05\/preinscripci\u00f3.jpg\" alt=\"\" width=\"344\" height=\"488\" srcset=\"https:\/\/agora.xtec.cat\/escolalavilapalamos\/wp-content\/uploads\/usu897\/2020\/05\/preinscripci\u00f3.jpg 580w, https:\/\/agora.xtec.cat\/escolalavilapalamos\/wp-content\/uploads\/usu897\/2020\/05\/preinscripci\u00f3-211x300.jpg 211w\" sizes=\"auto, (max-width: 344px) 100vw, 344px\" \/><\/a><\/p>\n<p><em>Vols con\u00e8ixer una mica m\u00e9s la nostra escola? Sol\u00b7licita contactar amb nosaltres per videoconfer\u00e8ncia a trav\u00e9s del correu electr\u00f2nic de l&#8217;escola<\/em><\/p>\n<p>La preinscripci\u00f3 presencial es far\u00e0 sota estrictes mesures de seguretat per evitar la propagaci\u00f3 de la COVID-19, segons les recomanacions de les autoritats sanit\u00e0ries. Nom\u00e9s podr\u00e0 entrar al centre escolar una sola persona. La cua es far\u00e0 a la part exterior.<\/p>\n<p><a href=\"http:\/\/mapaescolar.gencat.cat\/\">Publicaci\u00f3 de l&#8217;oferta de places a l&#8217; Escola La Vila pel curs 2020-21 <\/a>Poseu el codi de centre 17002569<\/p>\n<p><strong>Aqu\u00ed trobareu els enlla\u00e7os on s\u2019especifica tota la informaci\u00f3 i la documentaci\u00f3 que heu de portar:<\/strong><\/p>\n<p><a href=\"https:\/\/drive.google.com\/file\/d\/1_hulaV7dk3FrfYUFCQ9KXZfWYDd0d4sh\/view?usp=sharing\">Sol\u2022licitud de preinscripci\u00f3<\/a> S&#8217;ha de portar el bol\u00edgraf de casa<\/p>\n<p><a href=\"https:\/\/drive.google.com\/file\/d\/1i3M06xklssSFgbeaEPDVHPNza4-69FKA\/view?usp=sharing\">Clica per descarregar qu\u00e8 necessites portar a la preinscripci\u00f3 i els criteris de prioritat.<\/a><\/p>\n<p><a href=\"https:\/\/agora.xtec.cat\/escolalavilapalamos\/wp-content\/uploads\/usu897\/2020\/05\/Calendari.jpg\">Calendari del proc\u00e9s de preinscripci\u00f3<\/a><\/p>\n<p>M\u00e9s informaci\u00f3 a la web del <a href=\"http:\/\/queestudiar.gencat.cat\/ca\/preinscripcio\/\">Departament d\u2019Educaci\u00f3<\/a> de la Generalitat de Catalunya.<\/p>\n<h6><a href=\"https:\/\/dogc.gencat.cat\/ca\/pdogc_canals_interns\/pdogc_resultats_fitxa\/?action=fitxa&amp;documentId=869583&amp;language=ca_ES\">RESOLUCI\u00d3 EDU\/576\/2020, de 28 de febrer, per la qual s&#8217;aproven les normes de preinscripci\u00f3 i matr\u00edcula d&#8217;alumnes als centres del Servei d&#8217;Educaci\u00f3 de Catalunya i altres centres educatius, en els diversos ensenyaments sostinguts amb fons p\u00fablics, per al curs 2020-2021.<\/a><\/h6>\n<p><a href=\"https:\/\/drive.google.com\/file\/d\/1B7Coi0wI0atmkuTMomroOnCGea9LrR6g\/view?usp=sharing\">RESOLUCI\u00d3 EDU\/977\/2020, de 8 de maig, per la qual s&#8217;actualitza el procediment i es modifica la Resoluci\u00f3 EDU\/576\/2020, de 28 de febrer, per la qual s&#8217;aproven les normes de preinscripci\u00f3 i matr\u00edcula d&#8217;alumnes als centres del Servei d&#8217;Educaci\u00f3 de Catalunya i altres centres educatius, en els diversos ensenyaments sostinguts amb fons p\u00fablics, per al curs 2020-2021.<\/a><\/p>\n","protected":false},"excerpt":{"rendered":"<p>Preinscripci\u00f3 curs 2020-21<br \/>\n<a href=\"https:\/\/agora.xtec.cat\/escolalavilapalamos\/wp-content\/uploads\/usu897\/2020\/03\/CUB-DESTACAT-WEB-PREINSCRIPCIO-2020-2021.jpg\"><\/a>El per\u00edode de preinscripci\u00f3 del curs 2020-21 \u00e9s del dimecres 13 al divendres 22 de maig. El per\u00edode de preinscripci\u00f3 ha finalitzat. Per noves preinscripcions s&#8217;ha de trucar al tel\u00e8fon de l&#8217;OME (Oficina Municipal d&#8217;Escolaritzaci\u00f3) al tel\u00e8fon 972318702<br \/>\nAtenci\u00f3: s&#8217;ha de preinscriure els\/les&hellip;  <a href=\"https:\/\/agora.xtec.cat\/escolalavilapalamos\/general\/preinscripcio-2020-21\/\" title=\"Read Preinscripci\u00f3 curs 2020-21\">Llegeix m\u00e9s\u00bb<\/a><\/p>\n","protected":false},"author":1,"featured_media":7511,"comment_status":"open","ping_status":"closed","sticky":false,"template":"","format":"standard","meta":{"_bbp_topic_count":0,"_bbp_reply_count":0,"_bbp_total_topic_count":0,"_bbp_total_reply_count":0,"_bbp_voice_count":0,"_bbp_anonymous_reply_count":0,"_bbp_topic_count_hidden":0,"_bbp_reply_count_hidden":0,"_bbp_forum_subforum_count":0,"footnotes":""},"categories":[1,4],"tags":[],"class_list":["post-7510","post","type-post","status-publish","format-standard","has-post-thumbnail","hentry","category-general","category-portada"],"post_mailing_queue_ids":[],"_links":{"self":[{"href":"https:\/\/agora.xtec.cat\/escolalavilapalamos\/wp-json\/wp\/v2\/posts\/7510","targetHints":{"allow":["GET"]}}],"collection":[{"href":"https:\/\/agora.xtec.cat\/escolalavilapalamos\/wp-json\/wp\/v2\/posts"}],"about":[{"href":"https:\/\/agora.xtec.cat\/escolalavilapalamos\/wp-json\/wp\/v2\/types\/post"}],"author":[{"embeddable":true,"href":"https:\/\/agora.xtec.cat\/escolalavilapalamos\/wp-json\/wp\/v2\/users\/1"}],"replies":[{"embeddable":true,"href":"https:\/\/agora.xtec.cat\/escolalavilapalamos\/wp-json\/wp\/v2\/comments?post=7510"}],"version-history":[{"count":3,"href":"https:\/\/agora.xtec.cat\/escolalavilapalamos\/wp-json\/wp\/v2\/posts\/7510\/revisions"}],"predecessor-version":[{"id":7801,"href":"https:\/\/agora.xtec.cat\/escolalavilapalamos\/wp-json\/wp\/v2\/posts\/7510\/revisions\/7801"}],"wp:featuredmedia":[{"embeddable":true,"href":"https:\/\/agora.xtec.cat\/escolalavilapalamos\/wp-json\/wp\/v2\/media\/7511"}],"wp:attachment":[{"href":"https:\/\/agora.xtec.cat\/escolalavilapalamos\/wp-json\/wp\/v2\/media?parent=7510"}],"wp:term":[{"taxonomy":"category","embeddable":true,"href":"https:\/\/agora.xtec.cat\/escolalavilapalamos\/wp-json\/wp\/v2\/categories?post=7510"},{"taxonomy":"post_tag","embeddable":true,"href":"https:\/\/agora.xtec.cat\/escolalavilapalamos\/wp-json\/wp\/v2\/tags?post=7510"}],"curies":[{"name":"wp","href":"https:\/\/api.w.org\/{rel}","templated":true}]}}