{"id":7499,"date":"2020-03-12T16:21:00","date_gmt":"2020-03-12T15:21:00","guid":{"rendered":"http:\/\/agora.xtec.cat\/escolalavilapalamos\/?p=7499"},"modified":"2020-03-23T11:14:28","modified_gmt":"2020-03-23T10:14:28","slug":"anullades-les-portes-obertes-a-lescola-la-vila","status":"publish","type":"post","link":"https:\/\/agora.xtec.cat\/escolalavilapalamos\/general\/anullades-les-portes-obertes-a-lescola-la-vila\/","title":{"rendered":"Anul\u00b7lades les Portes obertes a l\u2019Escola La Vila !!!"},"content":{"rendered":"<h4><span style=\"color: #ff0000;\"><a href=\"https:\/\/agora.xtec.cat\/escolalavilapalamos\/wp-content\/uploads\/usu897\/2020\/03\/Portes-Obertes-2020-732x1024-1.jpg\"><img loading=\"lazy\" decoding=\"async\" class=\"wp-image-7616 alignright\" src=\"https:\/\/agora.xtec.cat\/escolalavilapalamos\/wp-content\/uploads\/usu897\/2020\/03\/Portes-Obertes-2020-732x1024-1-732x1024.jpg\" alt=\"\" width=\"348\" height=\"486\" srcset=\"https:\/\/agora.xtec.cat\/escolalavilapalamos\/wp-content\/uploads\/usu897\/2020\/03\/Portes-Obertes-2020-732x1024-1.jpg 732w, https:\/\/agora.xtec.cat\/escolalavilapalamos\/wp-content\/uploads\/usu897\/2020\/03\/Portes-Obertes-2020-732x1024-1-214x300.jpg 214w\" sizes=\"auto, (max-width: 348px) 100vw, 348px\" \/><\/a>ANUL\u00b7LADES LES PORTES OBERTES<\/span><\/h4>\n<h5><strong>Davant la situaci\u00f3 d&#8217;excepcionalitat pel tancament de l&#8217;Escola La Vila del 13 de mar\u00e7 a l&#8217;11 d&#8217;abril amb motiu de la prevenci\u00f3 pel coronavirus, ens veiem obligats a anul\u00b7lar les portes obertes d&#8217;enguany. Us convidem a fer una ruta virtual per l&#8217;escola. Disculpeu les mol\u00e8sties <\/strong><\/h5>\n<p><a href=\"https:\/\/youtu.be\/TlCNzGw90Ug\">Audiovisual de l\u2019escola 1<\/a>. <a href=\"https:\/\/www.youtube.com\/watch?v=yEe-mOcF8sY&amp;app=desktop\">Audiovisual de l\u2019escola 2\u00a0<\/a> presentat a la Jornada de portes obertes d\u2019enguany<\/p>\n<p>Presentaci\u00f3 <em><a href=\"http:\/\/prezi.com\/9qxkgnwrtdme\/?utm_campaign=share&amp;utm_medium=copy\">Com \u00e9s l\u2019escola La Vila<\/a><br \/>\n<\/em><\/p>\n<p><a href=\"http:\/\/www.fbofill.cat\/publicacions\/8-orientacions-triar-escola\">8 recomanacions per triar escola<\/a>. Fundaci\u00f3 Jaume Bofill<\/p>\n<p>Segueix el dia a dia de l\u2019escola des dels nostres canals: <a href=\"https:\/\/www.youtube.com\/results?search_query=escola+la++vila\">youtube<\/a>, <a href=\"https:\/\/www.facebook.com\/escola.lavilapalamos\">facebook<\/a>, <a href=\"https:\/\/twitter.com\/EscolalaVila\">twitter<\/a>, <a href=\"https:\/\/www.instagram.com\/escolalavila\/\">instagram<\/a><\/p>\n<p><a href=\"https:\/\/drive.google.com\/file\/d\/1EgYWTuBQA8ZAWM8A6HPCj-MLPb6SlpEy\/view?usp=sharing\">Informaci\u00f3 de les <strong>Jornades de portes obertes<\/strong> de tots els centres de Palam\u00f3s<\/a><\/p>\n<p><iframe loading=\"lazy\" src=\"\/\/www.youtube.com\/embed\/iOYtYsUboKw\" width=\"560\" height=\"314\" data-mce-fragment=\"1\"><\/iframe><\/p>\n<h5>US HI ESPEREM !!!!<\/h5>\n","protected":false},"excerpt":{"rendered":"<p><a href=\"https:\/\/agora.xtec.cat\/escolalavilapalamos\/wp-content\/uploads\/usu897\/2020\/03\/Portes-Obertes-2020-732x1024-1.jpg\"><\/a>ANUL\u00b7LADES LES PORTES OBERTES<br \/>\nDavant la situaci\u00f3 d&#8217;excepcionalitat pel tancament de l&#8217;Escola La Vila del 13 de mar\u00e7 a l&#8217;11 d&#8217;abril amb motiu de la prevenci\u00f3 pel coronavirus, ens veiem obligats a anul\u00b7lar les portes obertes d&#8217;enguany. Us convidem a fer una ruta virtual per&hellip;  <a href=\"https:\/\/agora.xtec.cat\/escolalavilapalamos\/general\/anullades-les-portes-obertes-a-lescola-la-vila\/\" title=\"Read Anul\u00b7lades les Portes obertes a l\u2019Escola La Vila !!!\">Llegeix m\u00e9s\u00bb<\/a><\/p>\n","protected":false},"author":1,"featured_media":7616,"comment_status":"open","ping_status":"closed","sticky":false,"template":"","format":"standard","meta":{"_bbp_topic_count":0,"_bbp_reply_count":0,"_bbp_total_topic_count":0,"_bbp_total_reply_count":0,"_bbp_voice_count":0,"_bbp_anonymous_reply_count":0,"_bbp_topic_count_hidden":0,"_bbp_reply_count_hidden":0,"_bbp_forum_subforum_count":0,"footnotes":""},"categories":[128,127,2,1,4,5],"tags":[],"class_list":["post-7499","post","type-post","status-publish","format-standard","has-post-thumbnail","hentry","category-comunitat-de-grans","category-comunitat-de-mitjans","category-infantil","category-general","category-portada","category-primaria"],"post_mailing_queue_ids":[],"_links":{"self":[{"href":"https:\/\/agora.xtec.cat\/escolalavilapalamos\/wp-json\/wp\/v2\/posts\/7499","targetHints":{"allow":["GET"]}}],"collection":[{"href":"https:\/\/agora.xtec.cat\/escolalavilapalamos\/wp-json\/wp\/v2\/posts"}],"about":[{"href":"https:\/\/agora.xtec.cat\/escolalavilapalamos\/wp-json\/wp\/v2\/types\/post"}],"author":[{"embeddable":true,"href":"https:\/\/agora.xtec.cat\/escolalavilapalamos\/wp-json\/wp\/v2\/users\/1"}],"replies":[{"embeddable":true,"href":"https:\/\/agora.xtec.cat\/escolalavilapalamos\/wp-json\/wp\/v2\/comments?post=7499"}],"version-history":[{"count":3,"href":"https:\/\/agora.xtec.cat\/escolalavilapalamos\/wp-json\/wp\/v2\/posts\/7499\/revisions"}],"predecessor-version":[{"id":7618,"href":"https:\/\/agora.xtec.cat\/escolalavilapalamos\/wp-json\/wp\/v2\/posts\/7499\/revisions\/7618"}],"wp:featuredmedia":[{"embeddable":true,"href":"https:\/\/agora.xtec.cat\/escolalavilapalamos\/wp-json\/wp\/v2\/media\/7616"}],"wp:attachment":[{"href":"https:\/\/agora.xtec.cat\/escolalavilapalamos\/wp-json\/wp\/v2\/media?parent=7499"}],"wp:term":[{"taxonomy":"category","embeddable":true,"href":"https:\/\/agora.xtec.cat\/escolalavilapalamos\/wp-json\/wp\/v2\/categories?post=7499"},{"taxonomy":"post_tag","embeddable":true,"href":"https:\/\/agora.xtec.cat\/escolalavilapalamos\/wp-json\/wp\/v2\/tags?post=7499"}],"curies":[{"name":"wp","href":"https:\/\/api.w.org\/{rel}","templated":true}]}}