{"id":7492,"date":"2020-03-11T17:46:32","date_gmt":"2020-03-11T16:46:32","guid":{"rendered":"http:\/\/agora.xtec.cat\/escolalavilapalamos\/?p=7492"},"modified":"2020-03-12T12:36:22","modified_gmt":"2020-03-12T11:36:22","slug":"comunicat-per-les-families-sobre-covid-19","status":"publish","type":"post","link":"https:\/\/agora.xtec.cat\/escolalavilapalamos\/general\/comunicat-per-les-families-sobre-covid-19\/","title":{"rendered":"Comunicat per les fam\u00edlies sobre COVID-19"},"content":{"rendered":"<p><a href=\"https:\/\/agora.xtec.cat\/escolalavilapalamos\/wp-content\/uploads\/usu897\/2020\/03\/Coronavirus_-Informaci\u00f3-actualitzada-2.png\"><img loading=\"lazy\" decoding=\"async\" class=\" wp-image-7493 alignright\" src=\"https:\/\/agora.xtec.cat\/escolalavilapalamos\/wp-content\/uploads\/usu897\/2020\/03\/Coronavirus_-Informaci\u00f3-actualitzada-2.png\" alt=\"\" width=\"458\" height=\"218\" srcset=\"https:\/\/agora.xtec.cat\/escolalavilapalamos\/wp-content\/uploads\/usu897\/2020\/03\/Coronavirus_-Informaci\u00f3-actualitzada-2.png 715w, https:\/\/agora.xtec.cat\/escolalavilapalamos\/wp-content\/uploads\/usu897\/2020\/03\/Coronavirus_-Informaci\u00f3-actualitzada-2-300x143.png 300w\" sizes=\"auto, (max-width: 458px) 100vw, 458px\" \/><\/a>Benvolgudes fam\u00edlies,<\/p>\n<p>el Departament d&#8217;Educaci\u00f3 ens fa arribar <strong>informaci\u00f3 actualitzada sobre el COVID-19 (coronavirus)<\/strong><br \/>\nEn relaci\u00f3 al coronavirus, el Departament d\u2019Educaci\u00f3 fa saber als centres educatius noves mesures de prevenci\u00f3 amb la finalitat de contribuir a la seva contenci\u00f3: Suspensi\u00f3 de tota activitat que organitzin els centres educatius que no sigui lectiva o curricular, que es faci fora del centre i que impliqui professorat, personal no docent o alumnat de diversos centres simult\u00e0niament. Les sortides lectives que impliquin un sol centre es poden mantenir. Aquesta mesura de suspensi\u00f3 t\u00e9 efectes sobre fires, trobades, cantades, cert\u00e0mens, etc.<\/p>\n<p><strong>L&#8217;Escola La Vila, prenent nota de les indicacions del Departament d&#8217;Educaci\u00f3 i el Departament de Salut, comunica que susp\u00e8n la participaci\u00f3 en les activitats amb altres centres del municipi : la cantada de 1r de divendres 13 de mar\u00e7 a la tarda a La Gorga, el centre obert i el voluntariat educatiu de dimarts i dijous a la tarda. <\/strong><br \/>\n<strong>Es mantenen actives i amb normalitat les activitats extraescolars dins el propi centre, la piscina, excursions i les portes obertes on nom\u00e9s hi participen alumnes, mestres i personal de l&#8217;escola.<\/strong><\/p>\n<p>Tamb\u00e9 us volem comunicar que l&#8217;Escola La Vila treballa estretament amb Salut i que disposem d&#8217;una actuaci\u00f3 interna de seguretat per evitar contagis. Des del centre us recomanem a totes les fam\u00edlies que recentment hagin marxat a qualsevol dels pa\u00efsos afectats o tinguin qualsevol sospita de contagi o malestar, truqui al 061 per veure com cal procedir en cada cas.<\/p>\n<p>Des de l&#8217;escola volem transmetre un missatge de tranquil\u00b7litat i de normalitat. Davant qualsevol canvi de la situaci\u00f3 o m\u00e9s recomanacions us informarem degudament.<\/p>\n<p>Gr\u00e0cies per la vostra col\u00b7laboraci\u00f3.<\/p>\n","protected":false},"excerpt":{"rendered":"<p><a href=\"https:\/\/agora.xtec.cat\/escolalavilapalamos\/wp-content\/uploads\/usu897\/2020\/03\/Coronavirus_-Informaci\u00f3-actualitzada-2.png\"><\/a>Benvolgudes fam\u00edlies,<br \/>\nel Departament d&#8217;Educaci\u00f3 ens fa arribar informaci\u00f3 actualitzada sobre el COVID-19 (coronavirus)<br \/>\nEn relaci\u00f3 al coronavirus, el Departament d\u2019Educaci\u00f3 fa saber als centres educatius noves mesures de prevenci\u00f3 amb la finalitat de contribuir a la seva contenci\u00f3: Suspensi\u00f3 de tota activitat que organitzin els&hellip;  <a href=\"https:\/\/agora.xtec.cat\/escolalavilapalamos\/general\/comunicat-per-les-families-sobre-covid-19\/\" title=\"Read Comunicat per les fam\u00edlies sobre COVID-19\">Llegeix m\u00e9s\u00bb<\/a><\/p>\n","protected":false},"author":1,"featured_media":7493,"comment_status":"open","ping_status":"closed","sticky":false,"template":"","format":"standard","meta":{"_bbp_topic_count":0,"_bbp_reply_count":0,"_bbp_total_topic_count":0,"_bbp_total_reply_count":0,"_bbp_voice_count":0,"_bbp_anonymous_reply_count":0,"_bbp_topic_count_hidden":0,"_bbp_reply_count_hidden":0,"_bbp_forum_subforum_count":0,"footnotes":""},"categories":[128,127,2,1,4],"tags":[],"class_list":["post-7492","post","type-post","status-publish","format-standard","has-post-thumbnail","hentry","category-comunitat-de-grans","category-comunitat-de-mitjans","category-infantil","category-general","category-portada"],"post_mailing_queue_ids":[],"_links":{"self":[{"href":"https:\/\/agora.xtec.cat\/escolalavilapalamos\/wp-json\/wp\/v2\/posts\/7492","targetHints":{"allow":["GET"]}}],"collection":[{"href":"https:\/\/agora.xtec.cat\/escolalavilapalamos\/wp-json\/wp\/v2\/posts"}],"about":[{"href":"https:\/\/agora.xtec.cat\/escolalavilapalamos\/wp-json\/wp\/v2\/types\/post"}],"author":[{"embeddable":true,"href":"https:\/\/agora.xtec.cat\/escolalavilapalamos\/wp-json\/wp\/v2\/users\/1"}],"replies":[{"embeddable":true,"href":"https:\/\/agora.xtec.cat\/escolalavilapalamos\/wp-json\/wp\/v2\/comments?post=7492"}],"version-history":[{"count":1,"href":"https:\/\/agora.xtec.cat\/escolalavilapalamos\/wp-json\/wp\/v2\/posts\/7492\/revisions"}],"predecessor-version":[{"id":7494,"href":"https:\/\/agora.xtec.cat\/escolalavilapalamos\/wp-json\/wp\/v2\/posts\/7492\/revisions\/7494"}],"wp:featuredmedia":[{"embeddable":true,"href":"https:\/\/agora.xtec.cat\/escolalavilapalamos\/wp-json\/wp\/v2\/media\/7493"}],"wp:attachment":[{"href":"https:\/\/agora.xtec.cat\/escolalavilapalamos\/wp-json\/wp\/v2\/media?parent=7492"}],"wp:term":[{"taxonomy":"category","embeddable":true,"href":"https:\/\/agora.xtec.cat\/escolalavilapalamos\/wp-json\/wp\/v2\/categories?post=7492"},{"taxonomy":"post_tag","embeddable":true,"href":"https:\/\/agora.xtec.cat\/escolalavilapalamos\/wp-json\/wp\/v2\/tags?post=7492"}],"curies":[{"name":"wp","href":"https:\/\/api.w.org\/{rel}","templated":true}]}}