{"id":7485,"date":"2020-03-10T12:39:13","date_gmt":"2020-03-10T11:39:13","guid":{"rendered":"http:\/\/agora.xtec.cat\/escolalavilapalamos\/?p=7485"},"modified":"2020-03-11T17:47:07","modified_gmt":"2020-03-11T16:47:07","slug":"projecte-menu-escolar-emporda","status":"publish","type":"post","link":"https:\/\/agora.xtec.cat\/escolalavilapalamos\/general\/projecte-menu-escolar-emporda\/","title":{"rendered":"Projecte Men\u00fa Escolar Empord\u00e0"},"content":{"rendered":"<div class=\"freebirdFormviewerViewHeaderTitleRow\">\n<div class=\"freebirdFormviewerViewHeaderTitle exportFormTitle freebirdCustomFont\" dir=\"auto\" role=\"heading\" aria-level=\"1\"><a href=\"https:\/\/agora.xtec.cat\/escolalavilapalamos\/wp-content\/uploads\/usu897\/2020\/03\/WhatsApp-Image-2020-03-09-at-11.13.49.jpeg\"><img loading=\"lazy\" decoding=\"async\" class=\"size-full wp-image-7486 alignright\" src=\"https:\/\/agora.xtec.cat\/escolalavilapalamos\/wp-content\/uploads\/usu897\/2020\/03\/WhatsApp-Image-2020-03-09-at-11.13.49.jpeg\" alt=\"\" width=\"341\" height=\"160\" srcset=\"https:\/\/agora.xtec.cat\/escolalavilapalamos\/wp-content\/uploads\/usu897\/2020\/03\/WhatsApp-Image-2020-03-09-at-11.13.49.jpeg 341w, https:\/\/agora.xtec.cat\/escolalavilapalamos\/wp-content\/uploads\/usu897\/2020\/03\/WhatsApp-Image-2020-03-09-at-11.13.49-300x141.jpeg 300w\" sizes=\"auto, (max-width: 341px) 100vw, 341px\" \/><\/a><\/div>\n<\/div>\n<div dir=\"auto\">Els\/les alumnes de 5\u00e8 de l&#8217;escola hem participat en el Projecte men\u00fa escolar Empord\u00e0. Un grup de 5\u00e8 ha pensat el nom: Cuitempord\u00e0.<\/div>\n<div dir=\"auto\"><\/div>\n<div class=\"freebirdFormviewerViewHeaderDescription\" dir=\"auto\">\n<p>El Projecte Men\u00fa Escolar Empord\u00e0 t\u00e9 per objectiu apropar als menjadors de les escoles del Baix Empord\u00e0, un men\u00fa amb productes de proximitat per posar en valor el producte local i els productors de la comarca.<\/p>\n<p>Per tal de posar nom a aquest men\u00fa, s&#8217;ha demanat la participaci\u00f3 de les escoles del territori, mitjan\u00e7ant un concurs on els alumnes de 5\u00e8 de prim\u00e0ria han tingut l&#8217;oportunitat de donar nom a aquest men\u00fa.<\/p>\n<p>Ara us toca a vosaltres! Fam\u00edlies, professorat, alumnes i tota la comunitat educativa de la comarca; esteu cridats a triar el nom del Men\u00fa Escolar Empord\u00e0 d&#8217;entre totes les propostes que les escoles ens han fet arribar.<\/p>\n<\/div>\n<div dir=\"auto\"><\/div>\n<div dir=\"auto\"><\/div>\n<div class=\"freebirdFormviewerViewHeaderDescription\" dir=\"auto\">\n<div>\n<div>\n<div>\n<div id=\"i1\" role=\"heading\" aria-level=\"3\" aria-describedby=\"i.desc.1849438029\">Quin nom t&#8217;agrada m\u00e9s per posar al Men\u00fa Escolar amb productes de l&#8217;Empord\u00e0? Podeu triar entre: Cuitempord\u00e0, El menjar de la iaia, Nyam, nyam&#8230; Empord\u00e0!, Escutaps, La Font del Gust, Galaxy Men\u00fa, Menja&#8217;t l&#8217;Empord\u00e0 i L&#8217;Empord\u00e0 t\u00e9 gust.<\/div>\n<\/div>\n<\/div>\n<\/div>\n<div data-input=\"L9xHkb\">\n<div class=\"appsMaterialWizToggleRadiogroupGroupContainer exportGroupContainer freebirdFormviewerViewItemsRadiogroupRadioGroup\" role=\"radiogroup\" aria-labelledby=\"i1\" aria-describedby=\"i.desc.1849438029 i.err.1849438029\" data-field-index=\"0\">\n<div class=\"freebirdFormviewerViewItemsRadioChoicesContainer\">\n<div class=\"freebirdFormviewerViewItemsRadioOptionContainer\">\n<div class=\"docssharedWizToggleLabeledLabelWrapper exportLabelWrapper\">\n<div class=\"appsMaterialWizToggleRadiogroupElContainer exportContainerEl docssharedWizToggleLabeledControl freebirdThemedRadio freebirdThemedRadioDarkerDisabled freebirdFormviewerViewItemsRadioControl\">\n<div class=\"appsMaterialWizToggleRadiogroupEl exportToggleEl\" tabindex=\"0\" role=\"radio\" aria-label=\"Cuitempord\u00e0\" data-value=\"Cuitempord\u00e0\" aria-describedby=\" i4\" aria-checked=\"false\" aria-posinset=\"1\" aria-setsize=\"8\">\n<div class=\"appsMaterialWizToggleRadiogroupInk exportInk\"><\/div>\n<div class=\"appsMaterialWizToggleRadiogroupInnerBox\"><\/div>\n<div class=\"appsMaterialWizToggleRadiogroupRadioButtonContainer\">\n<div class=\"appsMaterialWizToggleRadiogroupOffRadio exportOuterCircle\"><\/div>\n<\/div>\n<\/div>\n<\/div>\n<\/div>\n<\/div>\n<\/div>\n<\/div>\n<\/div>\n<p>Moltes gr\u00e0cies per la vostra participaci\u00f3. Cliqueu <a href=\"https:\/\/docs.google.com\/forms\/d\/e\/1FAIpQLSdWjTY4vBbWsy4buTPbcW9UyYwY3oNa2X7D4O_drDpDwwJFiw\/viewform\">aqu\u00ed per votar\u00a0<\/a><\/p>\n<p>Projecte promogut per:\u00a0: <a href=\"https:\/\/agora.xtec.cat\/escolalavilapalamos\/wp-content\/uploads\/usu897\/2020\/03\/Logo_Consell_Comarcal_Baix_Emporda-2019.png\"><img loading=\"lazy\" decoding=\"async\" class=\"wp-image-7488 alignright\" src=\"https:\/\/agora.xtec.cat\/escolalavilapalamos\/wp-content\/uploads\/usu897\/2020\/03\/Logo_Consell_Comarcal_Baix_Emporda-2019.png\" alt=\"\" width=\"217\" height=\"112\" \/><\/a> <a href=\"https:\/\/agora.xtec.cat\/escolalavilapalamos\/wp-content\/uploads\/usu897\/2020\/03\/Logo_K.png\"><img loading=\"lazy\" decoding=\"async\" class=\"wp-image-7489 aligncenter\" src=\"https:\/\/agora.xtec.cat\/escolalavilapalamos\/wp-content\/uploads\/usu897\/2020\/03\/Logo_K.png\" alt=\"\" width=\"159\" height=\"171\" \/><\/a><\/p>\n<\/div>\n","protected":false},"excerpt":{"rendered":"<p><a href=\"https:\/\/agora.xtec.cat\/escolalavilapalamos\/wp-content\/uploads\/usu897\/2020\/03\/WhatsApp-Image-2020-03-09-at-11.13.49.jpeg\"><\/a><\/p>\n<p>Els\/les alumnes de 5\u00e8 de l&#8217;escola hem participat en el Projecte men\u00fa escolar Empord\u00e0. Un grup de 5\u00e8 ha pensat el nom: Cuitempord\u00e0.<\/p>\n<p>El Projecte Men\u00fa Escolar Empord\u00e0 t\u00e9 per objectiu apropar als menjadors de les escoles del Baix Empord\u00e0, un men\u00fa amb productes de&hellip;  <a href=\"https:\/\/agora.xtec.cat\/escolalavilapalamos\/general\/projecte-menu-escolar-emporda\/\" title=\"Read Projecte Men\u00fa Escolar Empord\u00e0\">Llegeix m\u00e9s\u00bb<\/a><\/p>\n","protected":false},"author":1,"featured_media":7486,"comment_status":"open","ping_status":"closed","sticky":false,"template":"","format":"standard","meta":{"_bbp_topic_count":0,"_bbp_reply_count":0,"_bbp_total_topic_count":0,"_bbp_total_reply_count":0,"_bbp_voice_count":0,"_bbp_anonymous_reply_count":0,"_bbp_topic_count_hidden":0,"_bbp_reply_count_hidden":0,"_bbp_forum_subforum_count":0,"footnotes":""},"categories":[128,127,2,1,4],"tags":[],"class_list":["post-7485","post","type-post","status-publish","format-standard","has-post-thumbnail","hentry","category-comunitat-de-grans","category-comunitat-de-mitjans","category-infantil","category-general","category-portada"],"post_mailing_queue_ids":[],"_links":{"self":[{"href":"https:\/\/agora.xtec.cat\/escolalavilapalamos\/wp-json\/wp\/v2\/posts\/7485","targetHints":{"allow":["GET"]}}],"collection":[{"href":"https:\/\/agora.xtec.cat\/escolalavilapalamos\/wp-json\/wp\/v2\/posts"}],"about":[{"href":"https:\/\/agora.xtec.cat\/escolalavilapalamos\/wp-json\/wp\/v2\/types\/post"}],"author":[{"embeddable":true,"href":"https:\/\/agora.xtec.cat\/escolalavilapalamos\/wp-json\/wp\/v2\/users\/1"}],"replies":[{"embeddable":true,"href":"https:\/\/agora.xtec.cat\/escolalavilapalamos\/wp-json\/wp\/v2\/comments?post=7485"}],"version-history":[{"count":2,"href":"https:\/\/agora.xtec.cat\/escolalavilapalamos\/wp-json\/wp\/v2\/posts\/7485\/revisions"}],"predecessor-version":[{"id":7490,"href":"https:\/\/agora.xtec.cat\/escolalavilapalamos\/wp-json\/wp\/v2\/posts\/7485\/revisions\/7490"}],"wp:featuredmedia":[{"embeddable":true,"href":"https:\/\/agora.xtec.cat\/escolalavilapalamos\/wp-json\/wp\/v2\/media\/7486"}],"wp:attachment":[{"href":"https:\/\/agora.xtec.cat\/escolalavilapalamos\/wp-json\/wp\/v2\/media?parent=7485"}],"wp:term":[{"taxonomy":"category","embeddable":true,"href":"https:\/\/agora.xtec.cat\/escolalavilapalamos\/wp-json\/wp\/v2\/categories?post=7485"},{"taxonomy":"post_tag","embeddable":true,"href":"https:\/\/agora.xtec.cat\/escolalavilapalamos\/wp-json\/wp\/v2\/tags?post=7485"}],"curies":[{"name":"wp","href":"https:\/\/api.w.org\/{rel}","templated":true}]}}