{"id":7477,"date":"2020-03-09T10:14:22","date_gmt":"2020-03-09T09:14:22","guid":{"rendered":"http:\/\/agora.xtec.cat\/escolalavilapalamos\/?p=7477"},"modified":"2020-03-10T10:20:54","modified_gmt":"2020-03-10T09:20:54","slug":"2n-visita-lesglesia-del-carme","status":"publish","type":"post","link":"https:\/\/agora.xtec.cat\/escolalavilapalamos\/general\/2n-visita-lesglesia-del-carme\/","title":{"rendered":"2n visita l&#8217;Esgl\u00e9sia del Carme"},"content":{"rendered":"<p><a href=\"https:\/\/agora.xtec.cat\/escolalavilapalamos\/wp-content\/uploads\/usu897\/2020\/03\/esgl\u00e9siadelcarme.jpg\"><img loading=\"lazy\" decoding=\"async\" class=\" wp-image-7478 alignright\" src=\"https:\/\/agora.xtec.cat\/escolalavilapalamos\/wp-content\/uploads\/usu897\/2020\/03\/esgl\u00e9siadelcarme.jpg\" alt=\"\" width=\"269\" height=\"260\" \/><\/a>Dimarts 10 de mar\u00e7 al mat\u00ed els\/les alumnes de <strong>2n visiten l&#8217;esgl\u00e9sia del Carme de Palam\u00f3s<\/strong>.<\/p>\n<p>2n A fa la visita a les 9:45 h i 2n B fa la visita a les 10:45h.<\/p>\n<p><a href=\"https:\/\/ca.wikipedia.org\/wiki\/Esgl%C3%A9sia_del_Carme_(Palam%C3%B3s)#\/map\/0\">La capella de la\u00a0<b>Mare de D\u00e9u del Carme<\/b><\/a> \u00e9s una antiga esgl\u00e9sia cat\u00f2lica. Est\u00e0 catalogada a l&#8217;Inventari del Patrimoni Arquitect\u00f2nic de Catalunya. Actualment (des del 2015) acull un espai dedicat a la divulgaci\u00f3 del patrimoni local, gestionat pel Museu de la Pesca.<\/p>\n<p>M\u00e9s informaci\u00f3 <a href=\"https:\/\/ca.wikipedia.org\/wiki\/Esgl%C3%A9sia_del_Carme_(Palam%C3%B3s)\">aqu\u00ed<\/a><\/p>\n<p>Aquesta \u00e9s una activitat organitzada per l&#8217;\u00c0rea de Cultura de l&#8217;Ajuntament de Palam\u00f3s<\/p>\n","protected":false},"excerpt":{"rendered":"<p><a href=\"https:\/\/agora.xtec.cat\/escolalavilapalamos\/wp-content\/uploads\/usu897\/2020\/03\/esgl\u00e9siadelcarme.jpg\"><\/a>Dimarts 10 de mar\u00e7 al mat\u00ed els\/les alumnes de 2n visiten l&#8217;esgl\u00e9sia del Carme de Palam\u00f3s.<br \/>\n2n A fa la visita a les 9:45 h i 2n B fa la visita a les 10:45h.<br \/>\n<a href=\"https:\/\/ca.wikipedia.org\/wiki\/Esgl%C3%A9sia_del_Carme_(Palam%C3%B3s)#\/map\/0\">La capella de la\u00a0Mare de D\u00e9u del Carme<\/a> \u00e9s una antiga&hellip;  <a href=\"https:\/\/agora.xtec.cat\/escolalavilapalamos\/general\/2n-visita-lesglesia-del-carme\/\" title=\"Read 2n visita l&#8217;Esgl\u00e9sia del Carme\">Llegeix m\u00e9s\u00bb<\/a><\/p>\n","protected":false},"author":1,"featured_media":7478,"comment_status":"open","ping_status":"closed","sticky":false,"template":"","format":"standard","meta":{"_bbp_topic_count":0,"_bbp_reply_count":0,"_bbp_total_topic_count":0,"_bbp_total_reply_count":0,"_bbp_voice_count":0,"_bbp_anonymous_reply_count":0,"_bbp_topic_count_hidden":0,"_bbp_reply_count_hidden":0,"_bbp_forum_subforum_count":0,"footnotes":""},"categories":[127,1,4,5],"tags":[],"class_list":["post-7477","post","type-post","status-publish","format-standard","has-post-thumbnail","hentry","category-comunitat-de-mitjans","category-general","category-portada","category-primaria"],"post_mailing_queue_ids":[],"_links":{"self":[{"href":"https:\/\/agora.xtec.cat\/escolalavilapalamos\/wp-json\/wp\/v2\/posts\/7477","targetHints":{"allow":["GET"]}}],"collection":[{"href":"https:\/\/agora.xtec.cat\/escolalavilapalamos\/wp-json\/wp\/v2\/posts"}],"about":[{"href":"https:\/\/agora.xtec.cat\/escolalavilapalamos\/wp-json\/wp\/v2\/types\/post"}],"author":[{"embeddable":true,"href":"https:\/\/agora.xtec.cat\/escolalavilapalamos\/wp-json\/wp\/v2\/users\/1"}],"replies":[{"embeddable":true,"href":"https:\/\/agora.xtec.cat\/escolalavilapalamos\/wp-json\/wp\/v2\/comments?post=7477"}],"version-history":[{"count":2,"href":"https:\/\/agora.xtec.cat\/escolalavilapalamos\/wp-json\/wp\/v2\/posts\/7477\/revisions"}],"predecessor-version":[{"id":7480,"href":"https:\/\/agora.xtec.cat\/escolalavilapalamos\/wp-json\/wp\/v2\/posts\/7477\/revisions\/7480"}],"wp:featuredmedia":[{"embeddable":true,"href":"https:\/\/agora.xtec.cat\/escolalavilapalamos\/wp-json\/wp\/v2\/media\/7478"}],"wp:attachment":[{"href":"https:\/\/agora.xtec.cat\/escolalavilapalamos\/wp-json\/wp\/v2\/media?parent=7477"}],"wp:term":[{"taxonomy":"category","embeddable":true,"href":"https:\/\/agora.xtec.cat\/escolalavilapalamos\/wp-json\/wp\/v2\/categories?post=7477"},{"taxonomy":"post_tag","embeddable":true,"href":"https:\/\/agora.xtec.cat\/escolalavilapalamos\/wp-json\/wp\/v2\/tags?post=7477"}],"curies":[{"name":"wp","href":"https:\/\/api.w.org\/{rel}","templated":true}]}}