{"id":7448,"date":"2020-03-03T11:14:11","date_gmt":"2020-03-03T10:14:11","guid":{"rendered":"http:\/\/agora.xtec.cat\/escolalavilapalamos\/?p=7448"},"modified":"2020-03-13T17:35:40","modified_gmt":"2020-03-13T16:35:40","slug":"la-comunitat-de-mitjans-a-olot","status":"publish","type":"post","link":"https:\/\/agora.xtec.cat\/escolalavilapalamos\/general\/la-comunitat-de-mitjans-a-olot\/","title":{"rendered":"La comunitat de mitjans a Olot"},"content":{"rendered":"<p><span style=\"color: #ff0000;\">IMPORTANT!\u00a0 Ajornades les excursions a Olot. Properament us informarem de la nova data.\u00a0<\/span><\/p>\n<p>Aquest mes de mar\u00e7 <strong>la comunitat de mitjans fa una excursi\u00f3 a Olot<\/strong>.<a href=\"https:\/\/agora.xtec.cat\/escolalavilapalamos\/wp-content\/uploads\/usu897\/2020\/03\/Volc\u00e0-Montsacopa-dOlot08.jpg\"><img loading=\"lazy\" decoding=\"async\" class=\"wp-image-7451 alignright\" src=\"https:\/\/agora.xtec.cat\/escolalavilapalamos\/wp-content\/uploads\/usu897\/2020\/03\/Volc\u00e0-Montsacopa-dOlot08.jpg\" alt=\"\" width=\"498\" height=\"266\" srcset=\"https:\/\/agora.xtec.cat\/escolalavilapalamos\/wp-content\/uploads\/usu897\/2020\/03\/Volc\u00e0-Montsacopa-dOlot08.jpg 750w, https:\/\/agora.xtec.cat\/escolalavilapalamos\/wp-content\/uploads\/usu897\/2020\/03\/Volc\u00e0-Montsacopa-dOlot08-300x160.jpg 300w\" sizes=\"auto, (max-width: 498px) 100vw, 498px\" \/><\/a><\/p>\n<p><strong>Els nens i nenes de 1r<\/strong> el proper <strong>divendres 20 de mar\u00e7<\/strong> i <strong>els de 2n<\/strong> el proper <strong>dilluns 23 de mar\u00e7\u00a0 <\/strong>van d&#8217;excursi\u00f3 al <em>Volc\u00e0 de Montsacopa i al\u00a0 Parc Nou d&#8217;Olot<\/em> on faran l&#8217;activitat del <em>Volcanet d&#8217;Olot<\/em> per con\u00e8ixer m\u00e9s els seus elements i el seu entorn natural.<\/p>\n<p><strong>Els nens i nenes de 3r<\/strong> el proper <strong>dimarts 24 de mar\u00e7<\/strong> van d&#8217;excursi\u00f3 al <em>Volc\u00e0 del Puig Astrol<\/em>, a prop de la fageda d&#8217;en Jord\u00e0, a Olot on faran l&#8217;activitat<em> Les sorpreses d&#8217;un volc\u00e0<\/em> per con\u00e8ixer m\u00e9s els seus elements i el seu entorn natural.<\/p>\n<p>Hora de sortida: a les 8:25h a l&#8217;estadi municipal de futbol (cal ser molt puntuals). Arribada: a les 16:30 h al mateix lloc.<\/p>\n<p>Cal portar esmorzar, dinar i beguda. Cal\u00e7at c\u00f2mode<\/p>\n<p><strong>No s&#8217;ha de pagar l&#8217;excursi\u00f3. Est\u00e0 inclosa en la quota d&#8217;inici de curs.<\/strong> Retorneu l&#8217;autoritzaci\u00f3 per anar a la sortida. Us les podeu descarregar aqu\u00ed:<\/p>\n<p><a href=\"https:\/\/drive.google.com\/file\/d\/18ROzPeb3p8CcCkO8BH7V2T9gPfuOMvQ7\/view?usp=sharing\">Circular de l&#8217;excursi\u00f3 d&#8217;Olot de 1r. Divendres 20 de mar\u00e7<\/a><\/p>\n<p><a href=\"https:\/\/drive.google.com\/file\/d\/1cbIc80M3_SpJb9lKcxaOhSHWdhIogpcL\/view?usp=sharing\">Circular de l&#8217;excursi\u00f3 d&#8217;Olot de 2n. Dilluns 23 de mar\u00e7<\/a><\/p>\n<p><a href=\"https:\/\/drive.google.com\/file\/d\/1NM1qzyEvprYBB0kQnUiZ8v741QhtcNW0\/view?usp=sharing\">Circular de l&#8217;excursi\u00f3 d&#8217;Olot de 3r. Dimarts 24 de mar\u00e7<\/a><\/p>\n<p>M\u00e9s informaci\u00f3 dels volcans d&#8217;Olot aqu\u00ed: <a href=\"https:\/\/museus.olot.cat\/museu-dels-volcans\/\">museus.olot.cat\/museu-dels-volcans<\/a><\/p>\n<p>&nbsp;<\/p>\n","protected":false},"excerpt":{"rendered":"<p>IMPORTANT!\u00a0 Ajornades les excursions a Olot. Properament us informarem de la nova data.\u00a0<br \/>\nAquest mes de mar\u00e7 la comunitat de mitjans fa una excursi\u00f3 a Olot.<a href=\"https:\/\/agora.xtec.cat\/escolalavilapalamos\/wp-content\/uploads\/usu897\/2020\/03\/Volc\u00e0-Montsacopa-dOlot08.jpg\"><\/a><br \/>\nEls nens i nenes de 1r el proper divendres 20 de mar\u00e7 i els de 2n el proper dilluns 23&hellip;  <a href=\"https:\/\/agora.xtec.cat\/escolalavilapalamos\/general\/la-comunitat-de-mitjans-a-olot\/\" title=\"Read La comunitat de mitjans a Olot\">Llegeix m\u00e9s\u00bb<\/a><\/p>\n","protected":false},"author":1,"featured_media":7451,"comment_status":"open","ping_status":"closed","sticky":false,"template":"","format":"standard","meta":{"_bbp_topic_count":0,"_bbp_reply_count":0,"_bbp_total_topic_count":0,"_bbp_total_reply_count":0,"_bbp_voice_count":0,"_bbp_anonymous_reply_count":0,"_bbp_topic_count_hidden":0,"_bbp_reply_count_hidden":0,"_bbp_forum_subforum_count":0,"footnotes":""},"categories":[127,1,4,5],"tags":[],"class_list":["post-7448","post","type-post","status-publish","format-standard","has-post-thumbnail","hentry","category-comunitat-de-mitjans","category-general","category-portada","category-primaria"],"post_mailing_queue_ids":[],"_links":{"self":[{"href":"https:\/\/agora.xtec.cat\/escolalavilapalamos\/wp-json\/wp\/v2\/posts\/7448","targetHints":{"allow":["GET"]}}],"collection":[{"href":"https:\/\/agora.xtec.cat\/escolalavilapalamos\/wp-json\/wp\/v2\/posts"}],"about":[{"href":"https:\/\/agora.xtec.cat\/escolalavilapalamos\/wp-json\/wp\/v2\/types\/post"}],"author":[{"embeddable":true,"href":"https:\/\/agora.xtec.cat\/escolalavilapalamos\/wp-json\/wp\/v2\/users\/1"}],"replies":[{"embeddable":true,"href":"https:\/\/agora.xtec.cat\/escolalavilapalamos\/wp-json\/wp\/v2\/comments?post=7448"}],"version-history":[{"count":3,"href":"https:\/\/agora.xtec.cat\/escolalavilapalamos\/wp-json\/wp\/v2\/posts\/7448\/revisions"}],"predecessor-version":[{"id":7522,"href":"https:\/\/agora.xtec.cat\/escolalavilapalamos\/wp-json\/wp\/v2\/posts\/7448\/revisions\/7522"}],"wp:featuredmedia":[{"embeddable":true,"href":"https:\/\/agora.xtec.cat\/escolalavilapalamos\/wp-json\/wp\/v2\/media\/7451"}],"wp:attachment":[{"href":"https:\/\/agora.xtec.cat\/escolalavilapalamos\/wp-json\/wp\/v2\/media?parent=7448"}],"wp:term":[{"taxonomy":"category","embeddable":true,"href":"https:\/\/agora.xtec.cat\/escolalavilapalamos\/wp-json\/wp\/v2\/categories?post=7448"},{"taxonomy":"post_tag","embeddable":true,"href":"https:\/\/agora.xtec.cat\/escolalavilapalamos\/wp-json\/wp\/v2\/tags?post=7448"}],"curies":[{"name":"wp","href":"https:\/\/api.w.org\/{rel}","templated":true}]}}