{"id":7369,"date":"2020-03-02T12:03:07","date_gmt":"2020-03-02T11:03:07","guid":{"rendered":"http:\/\/agora.xtec.cat\/escolalavilapalamos\/?p=7369"},"modified":"2020-03-02T12:03:07","modified_gmt":"2020-03-02T11:03:07","slug":"el-dentista-a-lescola-2","status":"publish","type":"post","link":"https:\/\/agora.xtec.cat\/escolalavilapalamos\/general\/el-dentista-a-lescola-2\/","title":{"rendered":"El dentista a l&#8217;escola"},"content":{"rendered":"<p><a href=\"https:\/\/agora.xtec.cat\/escolalavilapalamos\/wp-content\/uploads\/usu897\/2017\/04\/dental5B15D.gif.jpg\"><img loading=\"lazy\" decoding=\"async\" class=\"wp-image-1228 alignright\" src=\"https:\/\/agora.xtec.cat\/escolalavilapalamos\/wp-content\/uploads\/usu897\/2017\/04\/dental5B15D.gif.jpg\" alt=\"\" width=\"319\" height=\"307\" srcset=\"https:\/\/agora.xtec.cat\/escolalavilapalamos\/wp-content\/uploads\/usu897\/2017\/04\/dental5B15D.gif.jpg 500w, https:\/\/agora.xtec.cat\/escolalavilapalamos\/wp-content\/uploads\/usu897\/2017\/04\/dental5B15D.gif-300x288.jpg 300w\" sizes=\"auto, (max-width: 319px) 100vw, 319px\" \/><\/a>El dimecres 4 i dijous 5 de mar\u00e7 el servei d&#8217;odontologia de l&#8217;\u00c0rea B\u00e0sica de Salut de Palam\u00f3s ve a l&#8217;escola a fer <strong>les revisions bucodentals<\/strong>. Les revisions es faran als alumnes de 1r i 6\u00e8 a la mateixa escola. Les fam\u00edlies rebran una carta del CAP amb la informaci\u00f3 pertinent, i passada la revisi\u00f3 rebran un informe del nen\/a.<\/p>\n<p>M\u00e9s informaci\u00f3 al <a href=\"http:\/\/canalsalut.gencat.cat\/ca\/vida-saludable\/etapes-de-la-vida\/infants_adolescencia\/#bloc7\">Canal salut <\/a>de la Generalitat de Catalunya<\/p>\n","protected":false},"excerpt":{"rendered":"<p><a href=\"https:\/\/agora.xtec.cat\/escolalavilapalamos\/wp-content\/uploads\/usu897\/2017\/04\/dental5B15D.gif.jpg\"><\/a>El dimecres 4 i dijous 5 de mar\u00e7 el servei d&#8217;odontologia de l&#8217;\u00c0rea B\u00e0sica de Salut de Palam\u00f3s ve a l&#8217;escola a fer les revisions bucodentals. Les revisions es faran als alumnes de 1r i 6\u00e8 a la mateixa escola. Les fam\u00edlies rebran una&hellip;  <a href=\"https:\/\/agora.xtec.cat\/escolalavilapalamos\/general\/el-dentista-a-lescola-2\/\" title=\"Read El dentista a l&#8217;escola\">Llegeix m\u00e9s\u00bb<\/a><\/p>\n","protected":false},"author":1,"featured_media":1228,"comment_status":"open","ping_status":"closed","sticky":false,"template":"","format":"standard","meta":{"_bbp_topic_count":0,"_bbp_reply_count":0,"_bbp_total_topic_count":0,"_bbp_total_reply_count":0,"_bbp_voice_count":0,"_bbp_anonymous_reply_count":0,"_bbp_topic_count_hidden":0,"_bbp_reply_count_hidden":0,"_bbp_forum_subforum_count":0,"footnotes":""},"categories":[128,127,1,4],"tags":[],"class_list":["post-7369","post","type-post","status-publish","format-standard","has-post-thumbnail","hentry","category-comunitat-de-grans","category-comunitat-de-mitjans","category-general","category-portada"],"post_mailing_queue_ids":[],"_links":{"self":[{"href":"https:\/\/agora.xtec.cat\/escolalavilapalamos\/wp-json\/wp\/v2\/posts\/7369","targetHints":{"allow":["GET"]}}],"collection":[{"href":"https:\/\/agora.xtec.cat\/escolalavilapalamos\/wp-json\/wp\/v2\/posts"}],"about":[{"href":"https:\/\/agora.xtec.cat\/escolalavilapalamos\/wp-json\/wp\/v2\/types\/post"}],"author":[{"embeddable":true,"href":"https:\/\/agora.xtec.cat\/escolalavilapalamos\/wp-json\/wp\/v2\/users\/1"}],"replies":[{"embeddable":true,"href":"https:\/\/agora.xtec.cat\/escolalavilapalamos\/wp-json\/wp\/v2\/comments?post=7369"}],"version-history":[{"count":1,"href":"https:\/\/agora.xtec.cat\/escolalavilapalamos\/wp-json\/wp\/v2\/posts\/7369\/revisions"}],"predecessor-version":[{"id":7370,"href":"https:\/\/agora.xtec.cat\/escolalavilapalamos\/wp-json\/wp\/v2\/posts\/7369\/revisions\/7370"}],"wp:featuredmedia":[{"embeddable":true,"href":"https:\/\/agora.xtec.cat\/escolalavilapalamos\/wp-json\/wp\/v2\/media\/1228"}],"wp:attachment":[{"href":"https:\/\/agora.xtec.cat\/escolalavilapalamos\/wp-json\/wp\/v2\/media?parent=7369"}],"wp:term":[{"taxonomy":"category","embeddable":true,"href":"https:\/\/agora.xtec.cat\/escolalavilapalamos\/wp-json\/wp\/v2\/categories?post=7369"},{"taxonomy":"post_tag","embeddable":true,"href":"https:\/\/agora.xtec.cat\/escolalavilapalamos\/wp-json\/wp\/v2\/tags?post=7369"}],"curies":[{"name":"wp","href":"https:\/\/api.w.org\/{rel}","templated":true}]}}