{"id":7349,"date":"2020-02-19T12:14:04","date_gmt":"2020-02-19T11:14:04","guid":{"rendered":"http:\/\/agora.xtec.cat\/escolalavilapalamos\/?p=7349"},"modified":"2020-02-28T11:55:56","modified_gmt":"2020-02-28T10:55:56","slug":"cantada-musical-dels-alumnes-de-1r-2","status":"publish","type":"post","link":"https:\/\/agora.xtec.cat\/escolalavilapalamos\/general\/cantada-musical-dels-alumnes-de-1r-2\/","title":{"rendered":"Cantada musical dels alumnes de 1r"},"content":{"rendered":"<p><strong><a href=\"https:\/\/agora.xtec.cat\/escolalavilapalamos\/wp-content\/uploads\/usu897\/2019\/02\/P1070904-640x480.jpg\"><img loading=\"lazy\" decoding=\"async\" class=\" wp-image-5228 alignright\" src=\"https:\/\/agora.xtec.cat\/escolalavilapalamos\/wp-content\/uploads\/usu897\/2019\/02\/P1070904-640x480.jpg\" alt=\"\" width=\"419\" height=\"314\" srcset=\"https:\/\/agora.xtec.cat\/escolalavilapalamos\/wp-content\/uploads\/usu897\/2019\/02\/P1070904-640x480.jpg 640w, https:\/\/agora.xtec.cat\/escolalavilapalamos\/wp-content\/uploads\/usu897\/2019\/02\/P1070904-640x480-300x225.jpg 300w, https:\/\/agora.xtec.cat\/escolalavilapalamos\/wp-content\/uploads\/usu897\/2019\/02\/P1070904-640x480-200x150.jpg 200w\" sizes=\"auto, (max-width: 419px) 100vw, 419px\" \/><\/a><\/strong><strong>Divendres 13 de mar\u00e7\u00a0<\/strong> es celebra la <strong>XXV Mostra de corals infantils de Palam\u00f3s<\/strong><em>.<br \/>\n<\/em><\/p>\n<p>Sota el gui\u00f3 i la direcci\u00f3 dels mestres de m\u00fasica de les escoles de prim\u00e0ria de Palam\u00f3s, els alumnes dels grups de 1r protagonitzaran aquesta trobada de corals escolars.<\/p>\n<p><strong>Els alumnes dels grups-classe A cantaran a les 19 h i els grups-classe B a les 19:45 h<\/strong><\/p>\n<p>Hi haur\u00e0 tres entrades disponibles per fam\u00edlia i les repartiran les tutores a la classe. No cal agafar les entrades per internet. Les donarem a primers de mar\u00e7.<\/p>\n<p>Necessitem que vinguin tots els nens i nenes perqu\u00e8 els agradar\u00e0 molt pujar dalt l&#8217;escenari a cantar i formar part d&#8217;aquest espectacle.Us hi esperem a tots !!!<\/p>\n<p>Us podeu descarregar la circular <a href=\"https:\/\/drive.google.com\/file\/d\/1WprqSxOU05X0PBTydQOXJjZV-58P57nx\/view?usp=sharing\">aqu\u00ed<\/a><\/p>\n","protected":false},"excerpt":{"rendered":"<p><a href=\"https:\/\/agora.xtec.cat\/escolalavilapalamos\/wp-content\/uploads\/usu897\/2019\/02\/P1070904-640x480.jpg\"><\/a>Divendres 13 de mar\u00e7\u00a0 es celebra la XXV Mostra de corals infantils de Palam\u00f3s.<\/p>\n<p>Sota el gui\u00f3 i la direcci\u00f3 dels mestres de m\u00fasica de les escoles de prim\u00e0ria de Palam\u00f3s, els alumnes dels grups de 1r protagonitzaran aquesta trobada de corals escolars.<br \/>\nEls alumnes dels&hellip;  <a href=\"https:\/\/agora.xtec.cat\/escolalavilapalamos\/general\/cantada-musical-dels-alumnes-de-1r-2\/\" title=\"Read Cantada musical dels alumnes de 1r\">Llegeix m\u00e9s\u00bb<\/a><\/p>\n","protected":false},"author":1,"featured_media":7351,"comment_status":"open","ping_status":"closed","sticky":false,"template":"","format":"standard","meta":{"_bbp_topic_count":0,"_bbp_reply_count":0,"_bbp_total_topic_count":0,"_bbp_total_reply_count":0,"_bbp_voice_count":0,"_bbp_anonymous_reply_count":0,"_bbp_topic_count_hidden":0,"_bbp_reply_count_hidden":0,"_bbp_forum_subforum_count":0,"footnotes":""},"categories":[127,1,4,5],"tags":[],"class_list":["post-7349","post","type-post","status-publish","format-standard","has-post-thumbnail","hentry","category-comunitat-de-mitjans","category-general","category-portada","category-primaria"],"post_mailing_queue_ids":[],"_links":{"self":[{"href":"https:\/\/agora.xtec.cat\/escolalavilapalamos\/wp-json\/wp\/v2\/posts\/7349","targetHints":{"allow":["GET"]}}],"collection":[{"href":"https:\/\/agora.xtec.cat\/escolalavilapalamos\/wp-json\/wp\/v2\/posts"}],"about":[{"href":"https:\/\/agora.xtec.cat\/escolalavilapalamos\/wp-json\/wp\/v2\/types\/post"}],"author":[{"embeddable":true,"href":"https:\/\/agora.xtec.cat\/escolalavilapalamos\/wp-json\/wp\/v2\/users\/1"}],"replies":[{"embeddable":true,"href":"https:\/\/agora.xtec.cat\/escolalavilapalamos\/wp-json\/wp\/v2\/comments?post=7349"}],"version-history":[{"count":3,"href":"https:\/\/agora.xtec.cat\/escolalavilapalamos\/wp-json\/wp\/v2\/posts\/7349\/revisions"}],"predecessor-version":[{"id":7353,"href":"https:\/\/agora.xtec.cat\/escolalavilapalamos\/wp-json\/wp\/v2\/posts\/7349\/revisions\/7353"}],"wp:featuredmedia":[{"embeddable":true,"href":"https:\/\/agora.xtec.cat\/escolalavilapalamos\/wp-json\/wp\/v2\/media\/7351"}],"wp:attachment":[{"href":"https:\/\/agora.xtec.cat\/escolalavilapalamos\/wp-json\/wp\/v2\/media?parent=7349"}],"wp:term":[{"taxonomy":"category","embeddable":true,"href":"https:\/\/agora.xtec.cat\/escolalavilapalamos\/wp-json\/wp\/v2\/categories?post=7349"},{"taxonomy":"post_tag","embeddable":true,"href":"https:\/\/agora.xtec.cat\/escolalavilapalamos\/wp-json\/wp\/v2\/tags?post=7349"}],"curies":[{"name":"wp","href":"https:\/\/api.w.org\/{rel}","templated":true}]}}