{"id":7293,"date":"2020-02-17T12:44:07","date_gmt":"2020-02-17T11:44:07","guid":{"rendered":"http:\/\/agora.xtec.cat\/escolalavilapalamos\/?p=7293"},"modified":"2020-02-18T13:14:45","modified_gmt":"2020-02-18T12:14:45","slug":"titelles-per-la-comunitat-de-petits","status":"publish","type":"post","link":"https:\/\/agora.xtec.cat\/escolalavilapalamos\/general\/titelles-per-la-comunitat-de-petits\/","title":{"rendered":"Titelles per la comunitat de petits"},"content":{"rendered":"<h4>Reporters la Vila<\/h4>\n<p><a href=\"https:\/\/agora.xtec.cat\/escolalavilapalamos\/wp-content\/uploads\/usu897\/2020\/02\/bloc-soldadet.jpg\"><img loading=\"lazy\" decoding=\"async\" class=\"wp-image-7310 alignright\" src=\"https:\/\/agora.xtec.cat\/escolalavilapalamos\/wp-content\/uploads\/usu897\/2020\/02\/bloc-soldadet.jpg\" alt=\"\" width=\"363\" height=\"309\" srcset=\"https:\/\/agora.xtec.cat\/escolalavilapalamos\/wp-content\/uploads\/usu897\/2020\/02\/bloc-soldadet.jpg 789w, https:\/\/agora.xtec.cat\/escolalavilapalamos\/wp-content\/uploads\/usu897\/2020\/02\/bloc-soldadet-300x255.jpg 300w, https:\/\/agora.xtec.cat\/escolalavilapalamos\/wp-content\/uploads\/usu897\/2020\/02\/bloc-soldadet-768x652.jpg 768w\" sizes=\"auto, (max-width: 363px) 100vw, 363px\" \/><\/a>El proper dimarts 18 de febrer al mat\u00ed, els nens i les nenes de la comunitat de petits veuran titelles al pavell\u00f3 de l&#8217;escola. L&#8217;obra \u00e9s <strong><em>El soldadet de plom<\/em><\/strong>.<\/p>\n<p>Podeu veure un recull de fotos del moment de l&#8217;espectacle <a href=\"https:\/\/photos.app.goo.gl\/g5UXk2vjHXX3x7KW9\">aqu\u00ed<\/a><\/p>\n<div>Sinopsi: avui la Laia fa 5 anys. La nena t\u00e9 moltes joguines, per\u00f2 \u00a0li costa molt compartir i sempre es baralla amb els amics. La iaia de la Laia li explicar\u00e0 un conte abans d\u2019anar a dormir, perqu\u00e8 se n\u2019adoni que tenir moltes joguines de poc serveix si s\u2019ha de jugar sol i que \u00e9s molt important tenir amics i compartir les joguines. A la nit, quan la nena dorm, els personatges del conte tindran vida. Un soldadet de plom que \u00a0est\u00e0 enamorat d\u2019una ballarina de paper, iniciar\u00e0 una s\u00e8rie \u00a0d\u2019aventures lluny de casa. Finalment tornar\u00e0 amb les mans buides per\u00f2 el cor ple d\u2019il\u00b7lusi\u00f3.<\/div>\n<div><\/div>\n<div>Inspirat en el conte cl\u00e0ssic de Hans Christian \u00a0Andersen.<\/div>\n<div><\/div>\n<div>Les can\u00e7ons: Sol, solet; Peix, peixet; Arri, arri, Tatanet; Les paraules m\u00e0giques.<\/div>\n<div><\/div>\n<div>\n<p>FITXA ART\u00cdSTICA. Gui\u00f3,\u00a0Construcci\u00f3 de titelles i manipulaci\u00f3:\u00a0Paquita Basas.<br \/>\nEscenografia, Xavier Bragulat, Paquita Basas i Cristina Cabreros<br \/>\nProducci\u00f3: Companyia de teatre de titelles Les Granotes.<br \/>\nFoto: Eduard Torra.<\/p>\n<\/div>\n<div><\/div>\n<div>M\u00e9s informaci\u00f3 a: <a href=\"http:\/\/www.companyiateatreenminiatura.com\/\">www.companyiateatreenminiatura.com<\/a><\/div>\n<p>&nbsp;<\/p>\n","protected":false},"excerpt":{"rendered":"<p>Reporters la Vila<br \/>\n<a href=\"https:\/\/agora.xtec.cat\/escolalavilapalamos\/wp-content\/uploads\/usu897\/2020\/02\/bloc-soldadet.jpg\"><\/a>El proper dimarts 18 de febrer al mat\u00ed, els nens i les nenes de la comunitat de petits veuran titelles al pavell\u00f3 de l&#8217;escola. L&#8217;obra \u00e9s El soldadet de plom.<br \/>\nPodeu veure un recull de fotos del moment de l&#8217;espectacle <a href=\"https:\/\/photos.app.goo.gl\/g5UXk2vjHXX3x7KW9\">aqu\u00ed<\/a><br \/>\nSinopsi: avui&hellip;  <a href=\"https:\/\/agora.xtec.cat\/escolalavilapalamos\/general\/titelles-per-la-comunitat-de-petits\/\" title=\"Read Titelles per la comunitat de petits\">Llegeix m\u00e9s\u00bb<\/a><\/p>\n","protected":false},"author":171,"featured_media":7310,"comment_status":"open","ping_status":"closed","sticky":false,"template":"","format":"standard","meta":{"_bbp_topic_count":0,"_bbp_reply_count":0,"_bbp_total_topic_count":0,"_bbp_total_reply_count":0,"_bbp_voice_count":0,"_bbp_anonymous_reply_count":0,"_bbp_topic_count_hidden":0,"_bbp_reply_count_hidden":0,"_bbp_forum_subforum_count":0,"footnotes":""},"categories":[2,1,4],"tags":[],"class_list":["post-7293","post","type-post","status-publish","format-standard","has-post-thumbnail","hentry","category-infantil","category-general","category-portada"],"post_mailing_queue_ids":[],"_links":{"self":[{"href":"https:\/\/agora.xtec.cat\/escolalavilapalamos\/wp-json\/wp\/v2\/posts\/7293","targetHints":{"allow":["GET"]}}],"collection":[{"href":"https:\/\/agora.xtec.cat\/escolalavilapalamos\/wp-json\/wp\/v2\/posts"}],"about":[{"href":"https:\/\/agora.xtec.cat\/escolalavilapalamos\/wp-json\/wp\/v2\/types\/post"}],"author":[{"embeddable":true,"href":"https:\/\/agora.xtec.cat\/escolalavilapalamos\/wp-json\/wp\/v2\/users\/171"}],"replies":[{"embeddable":true,"href":"https:\/\/agora.xtec.cat\/escolalavilapalamos\/wp-json\/wp\/v2\/comments?post=7293"}],"version-history":[{"count":4,"href":"https:\/\/agora.xtec.cat\/escolalavilapalamos\/wp-json\/wp\/v2\/posts\/7293\/revisions"}],"predecessor-version":[{"id":7339,"href":"https:\/\/agora.xtec.cat\/escolalavilapalamos\/wp-json\/wp\/v2\/posts\/7293\/revisions\/7339"}],"wp:featuredmedia":[{"embeddable":true,"href":"https:\/\/agora.xtec.cat\/escolalavilapalamos\/wp-json\/wp\/v2\/media\/7310"}],"wp:attachment":[{"href":"https:\/\/agora.xtec.cat\/escolalavilapalamos\/wp-json\/wp\/v2\/media?parent=7293"}],"wp:term":[{"taxonomy":"category","embeddable":true,"href":"https:\/\/agora.xtec.cat\/escolalavilapalamos\/wp-json\/wp\/v2\/categories?post=7293"},{"taxonomy":"post_tag","embeddable":true,"href":"https:\/\/agora.xtec.cat\/escolalavilapalamos\/wp-json\/wp\/v2\/tags?post=7293"}],"curies":[{"name":"wp","href":"https:\/\/api.w.org\/{rel}","templated":true}]}}