{"id":7269,"date":"2020-02-11T16:20:51","date_gmt":"2020-02-11T15:20:51","guid":{"rendered":"http:\/\/agora.xtec.cat\/escolalavilapalamos\/?p=7269"},"modified":"2020-02-17T12:44:37","modified_gmt":"2020-02-17T11:44:37","slug":"institut-escola-del-vila-roma","status":"publish","type":"post","link":"https:\/\/agora.xtec.cat\/escolalavilapalamos\/general\/institut-escola-del-vila-roma\/","title":{"rendered":"Institut-escola del Vila-rom\u00e0"},"content":{"rendered":"<h4 style=\"text-align: left;\">Reporters La Vila<\/h4>\n<p><a href=\"https:\/\/agora.xtec.cat\/escolalavilapalamos\/wp-content\/uploads\/usu897\/2020\/02\/20150610escola-adults.jpg\"><img loading=\"lazy\" decoding=\"async\" class=\"wp-image-7279 alignright\" src=\"https:\/\/agora.xtec.cat\/escolalavilapalamos\/wp-content\/uploads\/usu897\/2020\/02\/20150610escola-adults.jpg\" alt=\"\" width=\"272\" height=\"204\" srcset=\"https:\/\/agora.xtec.cat\/escolalavilapalamos\/wp-content\/uploads\/usu897\/2020\/02\/20150610escola-adults.jpg 800w, https:\/\/agora.xtec.cat\/escolalavilapalamos\/wp-content\/uploads\/usu897\/2020\/02\/20150610escola-adults-300x225.jpg 300w, https:\/\/agora.xtec.cat\/escolalavilapalamos\/wp-content\/uploads\/usu897\/2020\/02\/20150610escola-adults-768x576.jpg 768w, https:\/\/agora.xtec.cat\/escolalavilapalamos\/wp-content\/uploads\/usu897\/2020\/02\/20150610escola-adults-200x150.jpg 200w\" sizes=\"auto, (max-width: 272px) 100vw, 272px\" \/><\/a>L&#8217;escola Vila-rom\u00e0 obra un nou institut. L\u2019Ajuntament de Palam\u00f3s preveu situar-lo a l\u2019Aula d\u2019Aprenentatge, l\u2019antic edifici de l\u2019escola Vila-rom\u00e0.<\/p>\n<p>L&#8217;escola Vila-rom\u00e0 de Palam\u00f3s ser\u00e0 un institut-escola a partir del curs que vinent, 2020-21<span style=\"font-family: inherit; font-size: 1em;\">. Ho ha anunciat\u00a0 el conseller d&#8217;Educaci\u00f3, molt hble. Sr. Josep Bargall\u00f3.<\/span><\/p>\n<p>El 2020-2021 es desplegaran 26 nous instituts-escola que s&#8217;afegeixen als 53 en funcionament. El centre acollir\u00e0 l\u2018oferta d\u2019educaci\u00f3 infantil, prim\u00e0ria i secund\u00e0ria.El curs vinent s\u2019implementar\u00e0 el nivell de primer d\u2019ESO i durant els seg\u00fcents anys s\u2019afegiran progressivament els altres nivells de l\u2019Edudaci\u00f3 Secund\u00e0ria Obligat\u00f2ria fins a completar el cicle.<\/p>\n<p>Aix\u00ed, a partir del proper per\u00edode de preinscripci\u00f3 les fam\u00edlies podran optar per 3 centres de secund\u00e0ria: IES Palam\u00f3s, institut-escola Vila-rom\u00e0 i el Vedruna.<\/p>\n<p>&nbsp;<\/p>\n","protected":false},"excerpt":{"rendered":"<p>Reporters La Vila<br \/>\n<a href=\"https:\/\/agora.xtec.cat\/escolalavilapalamos\/wp-content\/uploads\/usu897\/2020\/02\/20150610escola-adults.jpg\"><\/a>L&#8217;escola Vila-rom\u00e0 obra un nou institut. L\u2019Ajuntament de Palam\u00f3s preveu situar-lo a l\u2019Aula d\u2019Aprenentatge, l\u2019antic edifici de l\u2019escola Vila-rom\u00e0.<br \/>\nL&#8217;escola Vila-rom\u00e0 de Palam\u00f3s ser\u00e0 un institut-escola a partir del curs que vinent, 2020-21. Ho ha anunciat\u00a0 el conseller d&#8217;Educaci\u00f3, molt hble. Sr. Josep&hellip;  <a href=\"https:\/\/agora.xtec.cat\/escolalavilapalamos\/general\/institut-escola-del-vila-roma\/\" title=\"Read Institut-escola del Vila-rom\u00e0\">Llegeix m\u00e9s\u00bb<\/a><\/p>\n","protected":false},"author":171,"featured_media":7279,"comment_status":"open","ping_status":"closed","sticky":false,"template":"","format":"standard","meta":{"_bbp_topic_count":0,"_bbp_reply_count":0,"_bbp_total_topic_count":0,"_bbp_total_reply_count":0,"_bbp_voice_count":0,"_bbp_anonymous_reply_count":0,"_bbp_topic_count_hidden":0,"_bbp_reply_count_hidden":0,"_bbp_forum_subforum_count":0,"footnotes":""},"categories":[128,1,4,5],"tags":[],"class_list":["post-7269","post","type-post","status-publish","format-standard","has-post-thumbnail","hentry","category-comunitat-de-grans","category-general","category-portada","category-primaria"],"post_mailing_queue_ids":[],"_links":{"self":[{"href":"https:\/\/agora.xtec.cat\/escolalavilapalamos\/wp-json\/wp\/v2\/posts\/7269","targetHints":{"allow":["GET"]}}],"collection":[{"href":"https:\/\/agora.xtec.cat\/escolalavilapalamos\/wp-json\/wp\/v2\/posts"}],"about":[{"href":"https:\/\/agora.xtec.cat\/escolalavilapalamos\/wp-json\/wp\/v2\/types\/post"}],"author":[{"embeddable":true,"href":"https:\/\/agora.xtec.cat\/escolalavilapalamos\/wp-json\/wp\/v2\/users\/171"}],"replies":[{"embeddable":true,"href":"https:\/\/agora.xtec.cat\/escolalavilapalamos\/wp-json\/wp\/v2\/comments?post=7269"}],"version-history":[{"count":3,"href":"https:\/\/agora.xtec.cat\/escolalavilapalamos\/wp-json\/wp\/v2\/posts\/7269\/revisions"}],"predecessor-version":[{"id":7296,"href":"https:\/\/agora.xtec.cat\/escolalavilapalamos\/wp-json\/wp\/v2\/posts\/7269\/revisions\/7296"}],"wp:featuredmedia":[{"embeddable":true,"href":"https:\/\/agora.xtec.cat\/escolalavilapalamos\/wp-json\/wp\/v2\/media\/7279"}],"wp:attachment":[{"href":"https:\/\/agora.xtec.cat\/escolalavilapalamos\/wp-json\/wp\/v2\/media?parent=7269"}],"wp:term":[{"taxonomy":"category","embeddable":true,"href":"https:\/\/agora.xtec.cat\/escolalavilapalamos\/wp-json\/wp\/v2\/categories?post=7269"},{"taxonomy":"post_tag","embeddable":true,"href":"https:\/\/agora.xtec.cat\/escolalavilapalamos\/wp-json\/wp\/v2\/tags?post=7269"}],"curies":[{"name":"wp","href":"https:\/\/api.w.org\/{rel}","templated":true}]}}