{"id":7232,"date":"2020-02-03T10:13:33","date_gmt":"2020-02-03T09:13:33","guid":{"rendered":"http:\/\/agora.xtec.cat\/escolalavilapalamos\/?p=7232"},"modified":"2020-02-18T12:06:38","modified_gmt":"2020-02-18T11:06:38","slug":"nova-cuinera-al-menjador-escolar","status":"publish","type":"post","link":"https:\/\/agora.xtec.cat\/escolalavilapalamos\/general\/nova-cuinera-al-menjador-escolar\/","title":{"rendered":"Nova cuinera al menjador escolar"},"content":{"rendered":"<h4 style=\"text-align: left;\">Reporters La Vila<a href=\"https:\/\/agora.xtec.cat\/escolalavilapalamos\/wp-content\/uploads\/usu897\/2020\/02\/20200218_091951.jpg\"><img loading=\"lazy\" decoding=\"async\" class=\"wp-image-7332 alignleft\" src=\"https:\/\/agora.xtec.cat\/escolalavilapalamos\/wp-content\/uploads\/usu897\/2020\/02\/20200218_091951-1024x878.jpg\" alt=\"\" width=\"359\" height=\"308\" srcset=\"https:\/\/agora.xtec.cat\/escolalavilapalamos\/wp-content\/uploads\/usu897\/2020\/02\/20200218_091951-1024x878.jpg 1024w, https:\/\/agora.xtec.cat\/escolalavilapalamos\/wp-content\/uploads\/usu897\/2020\/02\/20200218_091951-300x257.jpg 300w, https:\/\/agora.xtec.cat\/escolalavilapalamos\/wp-content\/uploads\/usu897\/2020\/02\/20200218_091951-768x659.jpg 768w\" sizes=\"auto, (max-width: 359px) 100vw, 359px\" \/><\/a><\/h4>\n<p style=\"text-align: left;\">El dilluns 3 de febrer ha comen\u00e7at a la cuina del servei de menjador la Sra. Pepi Moreno. Despr\u00e9s de deu anys cuinant pels nens i nenes de l&#8217;escola l&#8217;\u00c1ngel ha iniciat nous projectes professionals. Li desitgem molta sort.<\/p>\n<p style=\"text-align: left;\">Des dels reporters de La Vila volem con\u00e8ixer\u00a0 una mica millor la nova cuinera del centre i li hem fet una entrevista.<\/p>\n<p style=\"text-align: left;\">&#8211; Com es diu ?\u00a0 Pepi Moreno.<\/p>\n<p style=\"text-align: left;\">&#8211; On viu ?\u00a0 A Castell d&#8217; Aro.<\/p>\n<p style=\"text-align: left;\">&#8211; Havia treballat en altres llocs ? Si, en molts menjadors d&#8217;altres escoles. Molts anys al menjador de l&#8217;institut Ridaura.<\/p>\n<p style=\"text-align: left;\">&#8211; Tens mascotes ?\u00a0 Si, tinc un gos.<\/p>\n<p style=\"text-align: left;\">&#8211; Per qu\u00e8 treballes de cuinera ? Perqu\u00e8\u00a0 m&#8217;agrada cuinar.<\/p>\n<p style=\"text-align: left;\">&#8211; Que prefereixes el mar o la muntanya ? La muntanya.<\/p>\n<p style=\"text-align: left;\">&#8211; Quin dia vas n\u00e9ixer ? El 2 de desembre.<\/p>\n<p style=\"text-align: left;\">&#8211; Quin es el teu menjar preferit ? La sopa.<\/p>\n<p>&nbsp;<\/p>\n<p style=\"text-align: left;\">\n","protected":false},"excerpt":{"rendered":"<p>Reporters La Vila<a href=\"https:\/\/agora.xtec.cat\/escolalavilapalamos\/wp-content\/uploads\/usu897\/2020\/02\/20200218_091951.jpg\"><\/a><br \/>\nEl dilluns 3 de febrer ha comen\u00e7at a la cuina del servei de menjador la Sra. Pepi Moreno. Despr\u00e9s de deu anys cuinant pels nens i nenes de l&#8217;escola l&#8217;\u00c1ngel ha iniciat nous projectes professionals. Li desitgem molta sort.<br \/>\nDes dels reporters de&hellip;  <a href=\"https:\/\/agora.xtec.cat\/escolalavilapalamos\/general\/nova-cuinera-al-menjador-escolar\/\" title=\"Read Nova cuinera al menjador escolar\">Llegeix m\u00e9s\u00bb<\/a><\/p>\n","protected":false},"author":171,"featured_media":7332,"comment_status":"open","ping_status":"closed","sticky":false,"template":"","format":"standard","meta":{"_bbp_topic_count":0,"_bbp_reply_count":0,"_bbp_total_topic_count":0,"_bbp_total_reply_count":0,"_bbp_voice_count":0,"_bbp_anonymous_reply_count":0,"_bbp_topic_count_hidden":0,"_bbp_reply_count_hidden":0,"_bbp_forum_subforum_count":0,"footnotes":""},"categories":[1,4],"tags":[],"class_list":["post-7232","post","type-post","status-publish","format-standard","has-post-thumbnail","hentry","category-general","category-portada"],"post_mailing_queue_ids":[],"_links":{"self":[{"href":"https:\/\/agora.xtec.cat\/escolalavilapalamos\/wp-json\/wp\/v2\/posts\/7232","targetHints":{"allow":["GET"]}}],"collection":[{"href":"https:\/\/agora.xtec.cat\/escolalavilapalamos\/wp-json\/wp\/v2\/posts"}],"about":[{"href":"https:\/\/agora.xtec.cat\/escolalavilapalamos\/wp-json\/wp\/v2\/types\/post"}],"author":[{"embeddable":true,"href":"https:\/\/agora.xtec.cat\/escolalavilapalamos\/wp-json\/wp\/v2\/users\/171"}],"replies":[{"embeddable":true,"href":"https:\/\/agora.xtec.cat\/escolalavilapalamos\/wp-json\/wp\/v2\/comments?post=7232"}],"version-history":[{"count":3,"href":"https:\/\/agora.xtec.cat\/escolalavilapalamos\/wp-json\/wp\/v2\/posts\/7232\/revisions"}],"predecessor-version":[{"id":7334,"href":"https:\/\/agora.xtec.cat\/escolalavilapalamos\/wp-json\/wp\/v2\/posts\/7232\/revisions\/7334"}],"wp:featuredmedia":[{"embeddable":true,"href":"https:\/\/agora.xtec.cat\/escolalavilapalamos\/wp-json\/wp\/v2\/media\/7332"}],"wp:attachment":[{"href":"https:\/\/agora.xtec.cat\/escolalavilapalamos\/wp-json\/wp\/v2\/media?parent=7232"}],"wp:term":[{"taxonomy":"category","embeddable":true,"href":"https:\/\/agora.xtec.cat\/escolalavilapalamos\/wp-json\/wp\/v2\/categories?post=7232"},{"taxonomy":"post_tag","embeddable":true,"href":"https:\/\/agora.xtec.cat\/escolalavilapalamos\/wp-json\/wp\/v2\/tags?post=7232"}],"curies":[{"name":"wp","href":"https:\/\/api.w.org\/{rel}","templated":true}]}}