{"id":7187,"date":"2020-02-11T13:12:22","date_gmt":"2020-02-11T12:12:22","guid":{"rendered":"http:\/\/agora.xtec.cat\/escolalavilapalamos\/?p=7187"},"modified":"2020-02-13T16:15:27","modified_gmt":"2020-02-13T15:15:27","slug":"dia-internet-segura","status":"publish","type":"post","link":"https:\/\/agora.xtec.cat\/escolalavilapalamos\/general\/dia-internet-segura\/","title":{"rendered":"11 de febrer. Dia d&#8217; Internet segura"},"content":{"rendered":"<p><a href=\"https:\/\/agora.xtec.cat\/escolalavilapalamos\/wp-content\/uploads\/usu897\/2020\/02\/CartellSID2020_Noticia-1024x504.jpg\"><img loading=\"lazy\" decoding=\"async\" class=\"wp-image-7261 aligncenter\" src=\"https:\/\/agora.xtec.cat\/escolalavilapalamos\/wp-content\/uploads\/usu897\/2020\/02\/CartellSID2020_Noticia-1024x504-1024x504.jpg\" alt=\"\" width=\"530\" height=\"261\" srcset=\"https:\/\/agora.xtec.cat\/escolalavilapalamos\/wp-content\/uploads\/usu897\/2020\/02\/CartellSID2020_Noticia-1024x504.jpg 1024w, https:\/\/agora.xtec.cat\/escolalavilapalamos\/wp-content\/uploads\/usu897\/2020\/02\/CartellSID2020_Noticia-1024x504-300x148.jpg 300w, https:\/\/agora.xtec.cat\/escolalavilapalamos\/wp-content\/uploads\/usu897\/2020\/02\/CartellSID2020_Noticia-1024x504-768x378.jpg 768w\" sizes=\"auto, (max-width: 530px) 100vw, 530px\" \/><\/a>El <strong>Dia de la Internet Segura<\/strong> es celebra a m\u00e9s de 100 pa\u00efsos de tot el m\u00f3n des de ja fa una desena d&#8217;anys, enguany amb el lema Junts per a un internet millor.<\/p>\n<p>\u00c9s un bon moment per treballar amb els alumnes alguns dels continguts que el Departament d&#8217;Educaci\u00f3 posa a disposici\u00f3 dels centres educatius tant per a prim\u00e0ria com a secundaria a trav\u00e9s de la <a href=\"http:\/\/www.edu365.cat\/internetsegura\/index.html\">secci\u00f3 internet segura de la XTEC<\/a>.<\/p>\n<p>Al web <a href=\"https:\/\/internetsegura.cat\/\">Internet +Segura<\/a> hi trobareu diferents v\u00eddeos i unitats did\u00e0ctiques per treballar la ciberseguretat amb els alumnes tant de prim\u00e0ria com de secund\u00e0ria.<\/p>\n<div class=\"col-xs-12 col-md-8 shadowBox-sm\">\n<div id=\"center_1_1R\">\n<div id=\"ac01b2bb-159a-11e9-b8cc-005056924a59\" class=\"fpca_article pd-15\">\n<div>\n<div>\n<div class=\"row\">\n<div class=\"basic_text_peq col-xs-12\">\n<div class=\"pd-15x\">\n<p>El dia 11 de febrer trobareu els hashtags actius\u00a0<a href=\"https:\/\/twitter.com\/hashtag\/sid2018?src=hash\" target=\"_blank\" rel=\"noopener noreferrer\">#SID2020<\/a>\u00a0,\u00a0<a href=\"https:\/\/twitter.com\/search?q=%23SaferInternetDay2019&amp;src=typd\" target=\"_blank\" rel=\"noopener noreferrer\">#SaferInternetDay2020<\/a>\u00a0,\u00a0<strong>#SaferInternetDay<\/strong>\u00a0i\u00a0<a href=\"https:\/\/twitter.com\/hashtag\/femequip\" target=\"_blank\" rel=\"noopener noreferrer\">#femequip<\/a>\u00a0a les xarxes socials, a Catalunya tamb\u00e9 fem servir\u00a0<a href=\"https:\/\/twitter.com\/hashtag\/diainternetsegura?src=hash\" target=\"_blank\" rel=\"noopener noreferrer\">#diainternetsegura<\/a> i #internetsegura2020. Us proposem que relateu aquelles accions de sensibilitzaci\u00f3 que heu desenvolupat a l\u2019aula o a tot el centre, a partir de les nostres unitats did\u00e0ctiques o de creaci\u00f3 pr\u00f2pia. Ens agradaria que compartiu amb tota la comunitat educativa, tant nacional com internacional, les vostres activitats difonent-les en els vostres portals web, als blocs o a les xarxes socials.<\/p>\n<\/div>\n<\/div>\n<\/div>\n<\/div>\n<\/div>\n<\/div>\n<\/div>\n<\/div>\n<div class=\"col-xs-12 col-md-4\">\n<div id=\"center_1_2R\">\n<div class=\"fpca_llista_graficDestacat formatter_body \">\n<div class=\"graficDestacat_generic\">\n<div class=\"basic_color xar-socials blau4\">\n<h3><\/h3>\n<\/div>\n<\/div>\n<\/div>\n<div class=\"fpca_llista_graficDestacat formatter_body \">\n<div class=\"graficDestacat_generic\">\n<div class=\"grafic_destacat col-sm-12 col-xs-12\">\n<div class=\"grafic_destacat_cont box\"><\/div>\n<\/div>\n<\/div>\n<\/div>\n<\/div>\n<\/div>\n","protected":false},"excerpt":{"rendered":"<p><a href=\"https:\/\/agora.xtec.cat\/escolalavilapalamos\/wp-content\/uploads\/usu897\/2020\/02\/CartellSID2020_Noticia-1024x504.jpg\"><\/a>El Dia de la Internet Segura es celebra a m\u00e9s de 100 pa\u00efsos de tot el m\u00f3n des de ja fa una desena d&#8217;anys, enguany amb el lema Junts per a un internet millor.<br \/>\n\u00c9s un bon moment per treballar amb els alumnes alguns dels&hellip;  <a href=\"https:\/\/agora.xtec.cat\/escolalavilapalamos\/general\/dia-internet-segura\/\" title=\"Read 11 de febrer. Dia d&#8217; Internet segura\">Llegeix m\u00e9s\u00bb<\/a><\/p>\n","protected":false},"author":171,"featured_media":7261,"comment_status":"open","ping_status":"closed","sticky":false,"template":"","format":"standard","meta":{"_bbp_topic_count":0,"_bbp_reply_count":0,"_bbp_total_topic_count":0,"_bbp_total_reply_count":0,"_bbp_voice_count":0,"_bbp_anonymous_reply_count":0,"_bbp_topic_count_hidden":0,"_bbp_reply_count_hidden":0,"_bbp_forum_subforum_count":0,"footnotes":""},"categories":[2,1,4,5],"tags":[],"class_list":["post-7187","post","type-post","status-publish","format-standard","has-post-thumbnail","hentry","category-infantil","category-general","category-portada","category-primaria"],"post_mailing_queue_ids":[],"_links":{"self":[{"href":"https:\/\/agora.xtec.cat\/escolalavilapalamos\/wp-json\/wp\/v2\/posts\/7187","targetHints":{"allow":["GET"]}}],"collection":[{"href":"https:\/\/agora.xtec.cat\/escolalavilapalamos\/wp-json\/wp\/v2\/posts"}],"about":[{"href":"https:\/\/agora.xtec.cat\/escolalavilapalamos\/wp-json\/wp\/v2\/types\/post"}],"author":[{"embeddable":true,"href":"https:\/\/agora.xtec.cat\/escolalavilapalamos\/wp-json\/wp\/v2\/users\/171"}],"replies":[{"embeddable":true,"href":"https:\/\/agora.xtec.cat\/escolalavilapalamos\/wp-json\/wp\/v2\/comments?post=7187"}],"version-history":[{"count":3,"href":"https:\/\/agora.xtec.cat\/escolalavilapalamos\/wp-json\/wp\/v2\/posts\/7187\/revisions"}],"predecessor-version":[{"id":7263,"href":"https:\/\/agora.xtec.cat\/escolalavilapalamos\/wp-json\/wp\/v2\/posts\/7187\/revisions\/7263"}],"wp:featuredmedia":[{"embeddable":true,"href":"https:\/\/agora.xtec.cat\/escolalavilapalamos\/wp-json\/wp\/v2\/media\/7261"}],"wp:attachment":[{"href":"https:\/\/agora.xtec.cat\/escolalavilapalamos\/wp-json\/wp\/v2\/media?parent=7187"}],"wp:term":[{"taxonomy":"category","embeddable":true,"href":"https:\/\/agora.xtec.cat\/escolalavilapalamos\/wp-json\/wp\/v2\/categories?post=7187"},{"taxonomy":"post_tag","embeddable":true,"href":"https:\/\/agora.xtec.cat\/escolalavilapalamos\/wp-json\/wp\/v2\/tags?post=7187"}],"curies":[{"name":"wp","href":"https:\/\/api.w.org\/{rel}","templated":true}]}}