{"id":7185,"date":"2020-02-10T15:38:29","date_gmt":"2020-02-10T14:38:29","guid":{"rendered":"http:\/\/agora.xtec.cat\/escolalavilapalamos\/?p=7185"},"modified":"2020-02-10T15:38:29","modified_gmt":"2020-02-10T14:38:29","slug":"5e-visita-larxiu-municipal-de-palamos-2","status":"publish","type":"post","link":"https:\/\/agora.xtec.cat\/escolalavilapalamos\/general\/5e-visita-larxiu-municipal-de-palamos-2\/","title":{"rendered":"5\u00e8 visita l&#8217;Arxiu Municipal de Palam\u00f3s"},"content":{"rendered":"<h4>Reporters La Vila<\/h4>\n<p>El dimecres 19 i el dimecres 26 de febrer a les 9h del mat\u00ed, <strong>5\u00e8 visita l&#8217;arxiu municipal de Palam\u00f3s<\/strong>.<a href=\"https:\/\/agora.xtec.cat\/escolalavilapalamos\/wp-content\/uploads\/usu897\/2020\/02\/unnamed.jpg\"><img loading=\"lazy\" decoding=\"async\" class=\" wp-image-7193 alignright\" src=\"https:\/\/agora.xtec.cat\/escolalavilapalamos\/wp-content\/uploads\/usu897\/2020\/02\/unnamed.jpg\" alt=\"\" width=\"484\" height=\"242\" srcset=\"https:\/\/agora.xtec.cat\/escolalavilapalamos\/wp-content\/uploads\/usu897\/2020\/02\/unnamed.jpg 512w, https:\/\/agora.xtec.cat\/escolalavilapalamos\/wp-content\/uploads\/usu897\/2020\/02\/unnamed-300x150.jpg 300w\" sizes=\"auto, (max-width: 484px) 100vw, 484px\" \/><\/a><\/p>\n<p><strong>Qu\u00e8 \u00e9s l&#8217;arxiu municipal de Palam\u00f3s ?<\/strong><\/p>\n<p>El servei d&#8217;arxius municipal \u00e9s responsable de la salvaguarda, l&#8217;organitzaci\u00f3, la gesti\u00f3 i la divulgaci\u00f3 dels documents generats i rebuts per l&#8217;ajuntament de Palam\u00f3s dels segle Xlll (1277) fins a l&#8217;actualitat. Acull associacions i empreses vinculades al municipi.<\/p>\n<p>L\u2019any 1935, l\u2019Ajuntament de Palam\u00f3s i el rector de la parr\u00f2quia de Santa Maria, amb la voluntat d\u2019assegurar la conservaci\u00f3 dels seus fons i de facilitar-ne la consulta i l\u2019estudi, van convenir a dipositar el documents antics de l\u2019Ajuntament i els de l\u2019antiga Comunitat de Preveres de Sant Maria a l\u2019entitat local\u00a0<em>Museu Cau de la Costa Brava<\/em>.<\/p>\n","protected":false},"excerpt":{"rendered":"<p>Reporters La Vila<br \/>\nEl dimecres 19 i el dimecres 26 de febrer a les 9h del mat\u00ed, 5\u00e8 visita l&#8217;arxiu municipal de Palam\u00f3s.<a href=\"https:\/\/agora.xtec.cat\/escolalavilapalamos\/wp-content\/uploads\/usu897\/2020\/02\/unnamed.jpg\"><\/a><br \/>\nQu\u00e8 \u00e9s l&#8217;arxiu municipal de Palam\u00f3s ?<br \/>\nEl servei d&#8217;arxius municipal \u00e9s responsable de la salvaguarda, l&#8217;organitzaci\u00f3, la gesti\u00f3 i la divulgaci\u00f3 dels documents&hellip;  <a href=\"https:\/\/agora.xtec.cat\/escolalavilapalamos\/general\/5e-visita-larxiu-municipal-de-palamos-2\/\" title=\"Read 5\u00e8 visita l&#8217;Arxiu Municipal de Palam\u00f3s\">Llegeix m\u00e9s\u00bb<\/a><\/p>\n","protected":false},"author":171,"featured_media":7193,"comment_status":"open","ping_status":"closed","sticky":false,"template":"","format":"standard","meta":{"_bbp_topic_count":0,"_bbp_reply_count":0,"_bbp_total_topic_count":0,"_bbp_total_reply_count":0,"_bbp_voice_count":0,"_bbp_anonymous_reply_count":0,"_bbp_topic_count_hidden":0,"_bbp_reply_count_hidden":0,"_bbp_forum_subforum_count":0,"footnotes":""},"categories":[128,1,4,5],"tags":[],"class_list":["post-7185","post","type-post","status-publish","format-standard","has-post-thumbnail","hentry","category-comunitat-de-grans","category-general","category-portada","category-primaria"],"post_mailing_queue_ids":[],"_links":{"self":[{"href":"https:\/\/agora.xtec.cat\/escolalavilapalamos\/wp-json\/wp\/v2\/posts\/7185","targetHints":{"allow":["GET"]}}],"collection":[{"href":"https:\/\/agora.xtec.cat\/escolalavilapalamos\/wp-json\/wp\/v2\/posts"}],"about":[{"href":"https:\/\/agora.xtec.cat\/escolalavilapalamos\/wp-json\/wp\/v2\/types\/post"}],"author":[{"embeddable":true,"href":"https:\/\/agora.xtec.cat\/escolalavilapalamos\/wp-json\/wp\/v2\/users\/171"}],"replies":[{"embeddable":true,"href":"https:\/\/agora.xtec.cat\/escolalavilapalamos\/wp-json\/wp\/v2\/comments?post=7185"}],"version-history":[{"count":3,"href":"https:\/\/agora.xtec.cat\/escolalavilapalamos\/wp-json\/wp\/v2\/posts\/7185\/revisions"}],"predecessor-version":[{"id":7236,"href":"https:\/\/agora.xtec.cat\/escolalavilapalamos\/wp-json\/wp\/v2\/posts\/7185\/revisions\/7236"}],"wp:featuredmedia":[{"embeddable":true,"href":"https:\/\/agora.xtec.cat\/escolalavilapalamos\/wp-json\/wp\/v2\/media\/7193"}],"wp:attachment":[{"href":"https:\/\/agora.xtec.cat\/escolalavilapalamos\/wp-json\/wp\/v2\/media?parent=7185"}],"wp:term":[{"taxonomy":"category","embeddable":true,"href":"https:\/\/agora.xtec.cat\/escolalavilapalamos\/wp-json\/wp\/v2\/categories?post=7185"},{"taxonomy":"post_tag","embeddable":true,"href":"https:\/\/agora.xtec.cat\/escolalavilapalamos\/wp-json\/wp\/v2\/tags?post=7185"}],"curies":[{"name":"wp","href":"https:\/\/api.w.org\/{rel}","templated":true}]}}