{"id":7183,"date":"2020-02-04T16:17:19","date_gmt":"2020-02-04T15:17:19","guid":{"rendered":"http:\/\/agora.xtec.cat\/escolalavilapalamos\/?p=7183"},"modified":"2020-02-10T12:55:01","modified_gmt":"2020-02-10T11:55:01","slug":"xviiie-concurs-de-dibuix-de-punts-de-llibre","status":"publish","type":"post","link":"https:\/\/agora.xtec.cat\/escolalavilapalamos\/general\/xviiie-concurs-de-dibuix-de-punts-de-llibre\/","title":{"rendered":"XVIII\u00e8 Concurs de dibuix de punts de llibre"},"content":{"rendered":"<h5><a href=\"https:\/\/agora.xtec.cat\/escolalavilapalamos\/wp-content\/uploads\/usu897\/2020\/02\/Cop-Rodari.jpg\"><img loading=\"lazy\" decoding=\"async\" class=\"wp-image-7220 alignright\" src=\"https:\/\/agora.xtec.cat\/escolalavilapalamos\/wp-content\/uploads\/usu897\/2020\/02\/Cop-Rodari-838x1024.jpg\" alt=\"\" width=\"301\" height=\"368\" srcset=\"https:\/\/agora.xtec.cat\/escolalavilapalamos\/wp-content\/uploads\/usu897\/2020\/02\/Cop-Rodari-838x1024.jpg 838w, https:\/\/agora.xtec.cat\/escolalavilapalamos\/wp-content\/uploads\/usu897\/2020\/02\/Cop-Rodari-246x300.jpg 246w, https:\/\/agora.xtec.cat\/escolalavilapalamos\/wp-content\/uploads\/usu897\/2020\/02\/Cop-Rodari-768x938.jpg 768w, https:\/\/agora.xtec.cat\/escolalavilapalamos\/wp-content\/uploads\/usu897\/2020\/02\/Cop-Rodari.jpg 974w\" sizes=\"auto, (max-width: 301px) 100vw, 301px\" \/><\/a>Reporters La Vila<\/h5>\n<p>La biblioteca de Palam\u00f3s organitza una nova edici\u00f3 del <strong>Concurs de dibuix punts de llibre de Sant Jordi.<\/strong><\/p>\n<p>La proposta d&#8217;aquest any \u00e9s l&#8217;escriptor <strong>Gianni Rodari (1920-1980), <\/strong>mestre, escriptor, pedagog i periodista itali\u00e0. \u00c9s una de les figures m\u00e9s rellevants de la literatura infantil del segle XX.<\/p>\n<p>Els alumnes de 1r a 6\u00e8 participen en el concurs de punt de llibre. Hi ha dues categories: 1a categoria de 6 a 8 anys i 2a categoria de 9 a 12 anys.<\/p>\n<p>El mes de mar\u00e7 estaran exposats tots els punts de llibre a la biblioteca de Palam\u00f3s. Del dilluns 2 fins el dissabte 14 de mar\u00e7 es podr\u00e0 votar pels\/per les guanyadors\/es que sortiran el dia de Sant Jordi.<\/p>\n<p>Aneu a <a href=\"http:\/\/www.bibgirona.cat\/biblioteca\/palamos\">la Biblioteca de Palam\u00f3s<\/a> i agafeu els contes escrits per Gianni Rodari. Hi ha una selecci\u00f3 de llibres exposats.<\/p>\n<p>Els nens i nenes de 1r a 6\u00e8 de la nostra escola tamb\u00e9 participen en aquest <strong>Concurs de punt de llibre de Sant Jordi.<\/strong><\/p>\n<p>&nbsp;<\/p>\n<p>&nbsp;<\/p>\n","protected":false},"excerpt":{"rendered":"<p><a href=\"https:\/\/agora.xtec.cat\/escolalavilapalamos\/wp-content\/uploads\/usu897\/2020\/02\/Cop-Rodari.jpg\"><\/a>Reporters La Vila<br \/>\nLa biblioteca de Palam\u00f3s organitza una nova edici\u00f3 del Concurs de dibuix punts de llibre de Sant Jordi.<br \/>\nLa proposta d&#8217;aquest any \u00e9s l&#8217;escriptor Gianni Rodari (1920-1980), mestre, escriptor, pedagog i periodista itali\u00e0. \u00c9s una de les figures m\u00e9s rellevants de la literatura&hellip;  <a href=\"https:\/\/agora.xtec.cat\/escolalavilapalamos\/general\/xviiie-concurs-de-dibuix-de-punts-de-llibre\/\" title=\"Read XVIII\u00e8 Concurs de dibuix de punts de llibre\">Llegeix m\u00e9s\u00bb<\/a><\/p>\n","protected":false},"author":171,"featured_media":7220,"comment_status":"open","ping_status":"closed","sticky":false,"template":"","format":"standard","meta":{"_bbp_topic_count":0,"_bbp_reply_count":0,"_bbp_total_topic_count":0,"_bbp_total_reply_count":0,"_bbp_voice_count":0,"_bbp_anonymous_reply_count":0,"_bbp_topic_count_hidden":0,"_bbp_reply_count_hidden":0,"_bbp_forum_subforum_count":0,"footnotes":""},"categories":[128,127,1,4],"tags":[],"class_list":["post-7183","post","type-post","status-publish","format-standard","has-post-thumbnail","hentry","category-comunitat-de-grans","category-comunitat-de-mitjans","category-general","category-portada"],"post_mailing_queue_ids":[],"_links":{"self":[{"href":"https:\/\/agora.xtec.cat\/escolalavilapalamos\/wp-json\/wp\/v2\/posts\/7183","targetHints":{"allow":["GET"]}}],"collection":[{"href":"https:\/\/agora.xtec.cat\/escolalavilapalamos\/wp-json\/wp\/v2\/posts"}],"about":[{"href":"https:\/\/agora.xtec.cat\/escolalavilapalamos\/wp-json\/wp\/v2\/types\/post"}],"author":[{"embeddable":true,"href":"https:\/\/agora.xtec.cat\/escolalavilapalamos\/wp-json\/wp\/v2\/users\/171"}],"replies":[{"embeddable":true,"href":"https:\/\/agora.xtec.cat\/escolalavilapalamos\/wp-json\/wp\/v2\/comments?post=7183"}],"version-history":[{"count":4,"href":"https:\/\/agora.xtec.cat\/escolalavilapalamos\/wp-json\/wp\/v2\/posts\/7183\/revisions"}],"predecessor-version":[{"id":7222,"href":"https:\/\/agora.xtec.cat\/escolalavilapalamos\/wp-json\/wp\/v2\/posts\/7183\/revisions\/7222"}],"wp:featuredmedia":[{"embeddable":true,"href":"https:\/\/agora.xtec.cat\/escolalavilapalamos\/wp-json\/wp\/v2\/media\/7220"}],"wp:attachment":[{"href":"https:\/\/agora.xtec.cat\/escolalavilapalamos\/wp-json\/wp\/v2\/media?parent=7183"}],"wp:term":[{"taxonomy":"category","embeddable":true,"href":"https:\/\/agora.xtec.cat\/escolalavilapalamos\/wp-json\/wp\/v2\/categories?post=7183"},{"taxonomy":"post_tag","embeddable":true,"href":"https:\/\/agora.xtec.cat\/escolalavilapalamos\/wp-json\/wp\/v2\/tags?post=7183"}],"curies":[{"name":"wp","href":"https:\/\/api.w.org\/{rel}","templated":true}]}}