{"id":7175,"date":"2020-02-10T08:30:07","date_gmt":"2020-02-10T07:30:07","guid":{"rendered":"http:\/\/agora.xtec.cat\/escolalavilapalamos\/?p=7175"},"modified":"2020-02-04T15:23:09","modified_gmt":"2020-02-04T14:23:09","slug":"p5-el-museu-de-la-pesca","status":"publish","type":"post","link":"https:\/\/agora.xtec.cat\/escolalavilapalamos\/general\/p5-el-museu-de-la-pesca\/","title":{"rendered":"P5 va al museu de la pesca"},"content":{"rendered":"<h5>Reporters La Vila<\/h5>\n<p><a href=\"https:\/\/agora.xtec.cat\/escolalavilapalamos\/wp-content\/uploads\/usu897\/2020\/02\/baixa.jpg\"><img loading=\"lazy\" decoding=\"async\" class=\"size-full wp-image-7176 alignright\" src=\"https:\/\/agora.xtec.cat\/escolalavilapalamos\/wp-content\/uploads\/usu897\/2020\/02\/baixa.jpg\" alt=\"\" width=\"280\" height=\"180\" \/><\/a>Els nens i nenes de P5 aniran el divendres 14 de febrer a visitar el museu de la pesca.Veuran eines que fan servir els pescadors, els diferents tipus de peixos, tipus de vaixells i t\u00e8cniques de pesca.<\/p>\n<p>Per ells \u00e9s molt important la pesca sobretot perqu\u00e8 tenim mar. Aniran P5A i P5B caminant al museu de la pesca. L&#8217; excursi\u00f3 dura 2 hores i mitja.<\/p>\n<p>Els nens de P5 estan il\u00b7lusionats igualment, encara que ja coneixen el museu.<\/p>\n<p>Podeu visitar <a href=\"https:\/\/museudelapesca.org\/\">la web del Museu de la Pesca<\/a>.<\/p>\n<p>&nbsp;<\/p>\n","protected":false},"excerpt":{"rendered":"<p>Reporters La Vila<br \/>\n<a href=\"https:\/\/agora.xtec.cat\/escolalavilapalamos\/wp-content\/uploads\/usu897\/2020\/02\/baixa.jpg\"><\/a>Els nens i nenes de P5 aniran el divendres 14 de febrer a visitar el museu de la pesca.Veuran eines que fan servir els pescadors, els diferents tipus de peixos, tipus de vaixells i t\u00e8cniques de pesca.<br \/>\nPer ells \u00e9s molt important la&hellip;  <a href=\"https:\/\/agora.xtec.cat\/escolalavilapalamos\/general\/p5-el-museu-de-la-pesca\/\" title=\"Read P5 va al museu de la pesca\">Llegeix m\u00e9s\u00bb<\/a><\/p>\n","protected":false},"author":171,"featured_media":7176,"comment_status":"open","ping_status":"closed","sticky":false,"template":"","format":"standard","meta":{"_bbp_topic_count":0,"_bbp_reply_count":0,"_bbp_total_topic_count":0,"_bbp_total_reply_count":0,"_bbp_voice_count":0,"_bbp_anonymous_reply_count":0,"_bbp_topic_count_hidden":0,"_bbp_reply_count_hidden":0,"_bbp_forum_subforum_count":0,"footnotes":""},"categories":[2,1,4],"tags":[],"class_list":["post-7175","post","type-post","status-publish","format-standard","has-post-thumbnail","hentry","category-infantil","category-general","category-portada"],"post_mailing_queue_ids":[],"_links":{"self":[{"href":"https:\/\/agora.xtec.cat\/escolalavilapalamos\/wp-json\/wp\/v2\/posts\/7175","targetHints":{"allow":["GET"]}}],"collection":[{"href":"https:\/\/agora.xtec.cat\/escolalavilapalamos\/wp-json\/wp\/v2\/posts"}],"about":[{"href":"https:\/\/agora.xtec.cat\/escolalavilapalamos\/wp-json\/wp\/v2\/types\/post"}],"author":[{"embeddable":true,"href":"https:\/\/agora.xtec.cat\/escolalavilapalamos\/wp-json\/wp\/v2\/users\/171"}],"replies":[{"embeddable":true,"href":"https:\/\/agora.xtec.cat\/escolalavilapalamos\/wp-json\/wp\/v2\/comments?post=7175"}],"version-history":[{"count":3,"href":"https:\/\/agora.xtec.cat\/escolalavilapalamos\/wp-json\/wp\/v2\/posts\/7175\/revisions"}],"predecessor-version":[{"id":7182,"href":"https:\/\/agora.xtec.cat\/escolalavilapalamos\/wp-json\/wp\/v2\/posts\/7175\/revisions\/7182"}],"wp:featuredmedia":[{"embeddable":true,"href":"https:\/\/agora.xtec.cat\/escolalavilapalamos\/wp-json\/wp\/v2\/media\/7176"}],"wp:attachment":[{"href":"https:\/\/agora.xtec.cat\/escolalavilapalamos\/wp-json\/wp\/v2\/media?parent=7175"}],"wp:term":[{"taxonomy":"category","embeddable":true,"href":"https:\/\/agora.xtec.cat\/escolalavilapalamos\/wp-json\/wp\/v2\/categories?post=7175"},{"taxonomy":"post_tag","embeddable":true,"href":"https:\/\/agora.xtec.cat\/escolalavilapalamos\/wp-json\/wp\/v2\/tags?post=7175"}],"curies":[{"name":"wp","href":"https:\/\/api.w.org\/{rel}","templated":true}]}}