{"id":710,"date":"2019-02-05T15:04:13","date_gmt":"2019-02-05T14:04:13","guid":{"rendered":"http:\/\/agora.xtec.cat\/escolalavilapalamos\/?p=710"},"modified":"2019-02-11T16:56:17","modified_gmt":"2019-02-11T15:56:17","slug":"7-de-febrer-de-2017-dia-de-la-internet-segura","status":"publish","type":"post","link":"https:\/\/agora.xtec.cat\/escolalavilapalamos\/general\/7-de-febrer-de-2017-dia-de-la-internet-segura\/","title":{"rendered":"5 de febrer de 2019. Dia de la Internet Segura"},"content":{"rendered":"<p><strong><a href=\"https:\/\/agora.xtec.cat\/escolalavilapalamos\/wp-content\/uploads\/usu897\/2018\/01\/907196a1-79be-42cc-a03f-55591903567d_672_443.jpg\"><img loading=\"lazy\" decoding=\"async\" class=\"wp-image-4738 alignleft\" src=\"https:\/\/agora.xtec.cat\/escolalavilapalamos\/wp-content\/uploads\/usu897\/2018\/01\/907196a1-79be-42cc-a03f-55591903567d_672_443.jpg\" alt=\"\" width=\"397\" height=\"262\" srcset=\"https:\/\/agora.xtec.cat\/escolalavilapalamos\/wp-content\/uploads\/usu897\/2018\/01\/907196a1-79be-42cc-a03f-55591903567d_672_443.jpg 672w, https:\/\/agora.xtec.cat\/escolalavilapalamos\/wp-content\/uploads\/usu897\/2018\/01\/907196a1-79be-42cc-a03f-55591903567d_672_443-300x198.jpg 300w\" sizes=\"auto, (max-width: 397px) 100vw, 397px\" \/><\/a>El <a href=\"https:\/\/www.saferinternetday.org\/\">Dia d&#8217;Internet Segura<\/a><\/strong> es celebra a m\u00e9s de 100 pa\u00efsos de tot el m\u00f3n des de ja fa una desena d&#8217;anys, enguany amb el lema<br \/>\n<strong>SIGUES EL CANVI:PER UNA INTERNET MILLOR<\/strong><\/p>\n<p>El Dia Internacional de la Internet Segura \u00e9s una cita que es celebra a principis de febrer des de l&#8217; any 2003. L&#8217;objectiu \u00e9s conscienciar sobre l&#8217;\u00fas de la xarxa, sobretot entre el p\u00fablic m\u00e9s jove. Aquest pot ser un bon motiu per realitzar activitats al voltant d&#8217;una compet\u00e8ncia b\u00e0sica de l&#8217;\u00e0mbit digital com \u00e9s<strong> l&#8217;\u00fas responsable de la xarxa.\u00a0<\/strong><\/p>\n<p>El Departament d&#8217;Ensenyament es fa ress\u00f2 de la celebraci\u00f3 i posa a l&#8217;abast dels centres educatius de Catalunya materials did\u00e0ctics per treballar el tema a l&#8217;aula mitjan\u00e7ant unitats did\u00e0ctiques d&#8217;una sessi\u00f3 de classe.<\/p>\n<p>Internet segura. <a href=\"http:\/\/xtec.gencat.cat\/ca\/recursos\/tecinformacio\/internet_segura\/diainternet\/index.html\">Materials did\u00e0ctics.<\/a>\u00a0<a href=\"http:\/\/xtec.gencat.cat\/ca\/recursos\/tecinformacio\/internet_segura\/\">Internet segura a l&#8217;xtec<\/a><\/p>\n<p>Trobareu jocs i activitats d&#8217;Internet segura a <a href=\"http:\/\/www.edu365.cat\/internetsegura\/index.htm\">www.edu365.cat\/internetsegura\/index.htm<\/a><\/p>\n<p>&nbsp;<\/p>\n","protected":false},"excerpt":{"rendered":"<p><a href=\"https:\/\/agora.xtec.cat\/escolalavilapalamos\/wp-content\/uploads\/usu897\/2018\/01\/907196a1-79be-42cc-a03f-55591903567d_672_443.jpg\"><\/a>El <a href=\"https:\/\/www.saferinternetday.org\/\">Dia d&#8217;Internet Segura<\/a> es celebra a m\u00e9s de 100 pa\u00efsos de tot el m\u00f3n des de ja fa una desena d&#8217;anys, enguany amb el lema<br \/>\nSIGUES EL CANVI:PER UNA INTERNET MILLOR<br \/>\nEl Dia Internacional de la Internet Segura \u00e9s una cita que es celebra&hellip;  <a href=\"https:\/\/agora.xtec.cat\/escolalavilapalamos\/general\/7-de-febrer-de-2017-dia-de-la-internet-segura\/\" title=\"Read 5 de febrer de 2019. Dia de la Internet Segura\">Llegeix m\u00e9s\u00bb<\/a><\/p>\n","protected":false},"author":1,"featured_media":4738,"comment_status":"open","ping_status":"closed","sticky":false,"template":"","format":"standard","meta":{"_bbp_topic_count":0,"_bbp_reply_count":0,"_bbp_total_topic_count":0,"_bbp_total_reply_count":0,"_bbp_voice_count":0,"_bbp_anonymous_reply_count":0,"_bbp_topic_count_hidden":0,"_bbp_reply_count_hidden":0,"_bbp_forum_subforum_count":0,"footnotes":""},"categories":[7,1,4,5],"tags":[],"class_list":["post-710","post","type-post","status-publish","format-standard","has-post-thumbnail","hentry","category-ampa","category-general","category-portada","category-primaria"],"post_mailing_queue_ids":[],"_links":{"self":[{"href":"https:\/\/agora.xtec.cat\/escolalavilapalamos\/wp-json\/wp\/v2\/posts\/710","targetHints":{"allow":["GET"]}}],"collection":[{"href":"https:\/\/agora.xtec.cat\/escolalavilapalamos\/wp-json\/wp\/v2\/posts"}],"about":[{"href":"https:\/\/agora.xtec.cat\/escolalavilapalamos\/wp-json\/wp\/v2\/types\/post"}],"author":[{"embeddable":true,"href":"https:\/\/agora.xtec.cat\/escolalavilapalamos\/wp-json\/wp\/v2\/users\/1"}],"replies":[{"embeddable":true,"href":"https:\/\/agora.xtec.cat\/escolalavilapalamos\/wp-json\/wp\/v2\/comments?post=710"}],"version-history":[{"count":3,"href":"https:\/\/agora.xtec.cat\/escolalavilapalamos\/wp-json\/wp\/v2\/posts\/710\/revisions"}],"predecessor-version":[{"id":4739,"href":"https:\/\/agora.xtec.cat\/escolalavilapalamos\/wp-json\/wp\/v2\/posts\/710\/revisions\/4739"}],"wp:featuredmedia":[{"embeddable":true,"href":"https:\/\/agora.xtec.cat\/escolalavilapalamos\/wp-json\/wp\/v2\/media\/4738"}],"wp:attachment":[{"href":"https:\/\/agora.xtec.cat\/escolalavilapalamos\/wp-json\/wp\/v2\/media?parent=710"}],"wp:term":[{"taxonomy":"category","embeddable":true,"href":"https:\/\/agora.xtec.cat\/escolalavilapalamos\/wp-json\/wp\/v2\/categories?post=710"},{"taxonomy":"post_tag","embeddable":true,"href":"https:\/\/agora.xtec.cat\/escolalavilapalamos\/wp-json\/wp\/v2\/tags?post=710"}],"curies":[{"name":"wp","href":"https:\/\/api.w.org\/{rel}","templated":true}]}}