{"id":6873,"date":"2019-12-10T09:49:58","date_gmt":"2019-12-10T08:49:58","guid":{"rendered":"http:\/\/agora.xtec.cat\/escolalavilapalamos\/?p=6873"},"modified":"2019-12-10T09:49:58","modified_gmt":"2019-12-10T08:49:58","slug":"festa-nadalenca-a-lescola","status":"publish","type":"post","link":"https:\/\/agora.xtec.cat\/escolalavilapalamos\/general\/festa-nadalenca-a-lescola\/","title":{"rendered":"Festa nadalenca a l&#8217;escola"},"content":{"rendered":"<p><strong><a href=\"https:\/\/agora.xtec.cat\/escolalavilapalamos\/wp-content\/uploads\/usu897\/2019\/12\/WhatsApp-Image-2019-12-05-at-20.52.21-1.jpeg\"><img loading=\"lazy\" decoding=\"async\" class=\"wp-image-6874 alignright\" src=\"https:\/\/agora.xtec.cat\/escolalavilapalamos\/wp-content\/uploads\/usu897\/2019\/12\/WhatsApp-Image-2019-12-05-at-20.52.21-1-724x1024.jpeg\" alt=\"\" width=\"343\" height=\"485\" srcset=\"https:\/\/agora.xtec.cat\/escolalavilapalamos\/wp-content\/uploads\/usu897\/2019\/12\/WhatsApp-Image-2019-12-05-at-20.52.21-1-724x1024.jpeg 724w, https:\/\/agora.xtec.cat\/escolalavilapalamos\/wp-content\/uploads\/usu897\/2019\/12\/WhatsApp-Image-2019-12-05-at-20.52.21-1-212x300.jpeg 212w, https:\/\/agora.xtec.cat\/escolalavilapalamos\/wp-content\/uploads\/usu897\/2019\/12\/WhatsApp-Image-2019-12-05-at-20.52.21-1-768x1087.jpeg 768w, https:\/\/agora.xtec.cat\/escolalavilapalamos\/wp-content\/uploads\/usu897\/2019\/12\/WhatsApp-Image-2019-12-05-at-20.52.21-1.jpeg 1447w\" sizes=\"auto, (max-width: 343px) 100vw, 343px\" \/><\/a>Divendres 13 de desembre a les 16:30 h al pati de l&#8217;escola<\/strong>.<\/p>\n<p>Vine a celebrar el Nadal amb nosaltres a la nostra escola. Trobar\u00e0s exhibici\u00f3 de ball a c\u00e0rrec dels alumnes de dansa i funcky. Cantada de Nadales a c\u00e0rrec dels alumnes d&#8217;extraescolar d&#8217;angl\u00e8s. I amb l&#8217;actuaci\u00f3 final de fusions grup vocal. I si vols podr\u00e0s participar gratu\u00eftament en el nostre taller de tions i disfrutar d&#8217;una xocolatada amb melindros. Tamb\u00e9 tindrem servei de bar. Organitza l&#8217;AMPA de l&#8217; Escola La Vila.<\/p>\n","protected":false},"excerpt":{"rendered":"<p><a href=\"https:\/\/agora.xtec.cat\/escolalavilapalamos\/wp-content\/uploads\/usu897\/2019\/12\/WhatsApp-Image-2019-12-05-at-20.52.21-1.jpeg\"><\/a>Divendres 13 de desembre a les 16:30 h al pati de l&#8217;escola.<br \/>\nVine a celebrar el Nadal amb nosaltres a la nostra escola. Trobar\u00e0s exhibici\u00f3 de ball a c\u00e0rrec dels alumnes de dansa i funcky. Cantada de Nadales a c\u00e0rrec dels alumnes d&#8217;extraescolar d&#8217;angl\u00e8s. I&hellip;  <a href=\"https:\/\/agora.xtec.cat\/escolalavilapalamos\/general\/festa-nadalenca-a-lescola\/\" title=\"Read Festa nadalenca a l&#8217;escola\">Llegeix m\u00e9s\u00bb<\/a><\/p>\n","protected":false},"author":1,"featured_media":6874,"comment_status":"open","ping_status":"closed","sticky":false,"template":"","format":"standard","meta":{"_bbp_topic_count":0,"_bbp_reply_count":0,"_bbp_total_topic_count":0,"_bbp_total_reply_count":0,"_bbp_voice_count":0,"_bbp_anonymous_reply_count":0,"_bbp_topic_count_hidden":0,"_bbp_reply_count_hidden":0,"_bbp_forum_subforum_count":0,"footnotes":""},"categories":[7,128,127,2,1,4],"tags":[],"class_list":["post-6873","post","type-post","status-publish","format-standard","has-post-thumbnail","hentry","category-ampa","category-comunitat-de-grans","category-comunitat-de-mitjans","category-infantil","category-general","category-portada"],"post_mailing_queue_ids":[],"_links":{"self":[{"href":"https:\/\/agora.xtec.cat\/escolalavilapalamos\/wp-json\/wp\/v2\/posts\/6873","targetHints":{"allow":["GET"]}}],"collection":[{"href":"https:\/\/agora.xtec.cat\/escolalavilapalamos\/wp-json\/wp\/v2\/posts"}],"about":[{"href":"https:\/\/agora.xtec.cat\/escolalavilapalamos\/wp-json\/wp\/v2\/types\/post"}],"author":[{"embeddable":true,"href":"https:\/\/agora.xtec.cat\/escolalavilapalamos\/wp-json\/wp\/v2\/users\/1"}],"replies":[{"embeddable":true,"href":"https:\/\/agora.xtec.cat\/escolalavilapalamos\/wp-json\/wp\/v2\/comments?post=6873"}],"version-history":[{"count":1,"href":"https:\/\/agora.xtec.cat\/escolalavilapalamos\/wp-json\/wp\/v2\/posts\/6873\/revisions"}],"predecessor-version":[{"id":6875,"href":"https:\/\/agora.xtec.cat\/escolalavilapalamos\/wp-json\/wp\/v2\/posts\/6873\/revisions\/6875"}],"wp:featuredmedia":[{"embeddable":true,"href":"https:\/\/agora.xtec.cat\/escolalavilapalamos\/wp-json\/wp\/v2\/media\/6874"}],"wp:attachment":[{"href":"https:\/\/agora.xtec.cat\/escolalavilapalamos\/wp-json\/wp\/v2\/media?parent=6873"}],"wp:term":[{"taxonomy":"category","embeddable":true,"href":"https:\/\/agora.xtec.cat\/escolalavilapalamos\/wp-json\/wp\/v2\/categories?post=6873"},{"taxonomy":"post_tag","embeddable":true,"href":"https:\/\/agora.xtec.cat\/escolalavilapalamos\/wp-json\/wp\/v2\/tags?post=6873"}],"curies":[{"name":"wp","href":"https:\/\/api.w.org\/{rel}","templated":true}]}}