{"id":6859,"date":"2019-12-09T15:42:15","date_gmt":"2019-12-09T14:42:15","guid":{"rendered":"http:\/\/agora.xtec.cat\/escolalavilapalamos\/?p=6859"},"modified":"2019-12-16T15:40:00","modified_gmt":"2019-12-16T14:40:00","slug":"fira-nadalenca","status":"publish","type":"post","link":"https:\/\/agora.xtec.cat\/escolalavilapalamos\/general\/fira-nadalenca\/","title":{"rendered":"Fira Nadalenca"},"content":{"rendered":"<p><a href=\"https:\/\/agora.xtec.cat\/escolalavilapalamos\/wp-content\/uploads\/usu897\/2018\/12\/Fira-nadalenca.jpeg\"><img loading=\"lazy\" decoding=\"async\" class=\"wp-image-4428 alignleft\" src=\"https:\/\/agora.xtec.cat\/escolalavilapalamos\/wp-content\/uploads\/usu897\/2018\/12\/Fira-nadalenca-1024x578.jpeg\" alt=\"\" width=\"395\" height=\"223\" srcset=\"https:\/\/agora.xtec.cat\/escolalavilapalamos\/wp-content\/uploads\/usu897\/2018\/12\/Fira-nadalenca-1024x578.jpeg 1024w, https:\/\/agora.xtec.cat\/escolalavilapalamos\/wp-content\/uploads\/usu897\/2018\/12\/Fira-nadalenca-300x169.jpeg 300w, https:\/\/agora.xtec.cat\/escolalavilapalamos\/wp-content\/uploads\/usu897\/2018\/12\/Fira-nadalenca-768x433.jpeg 768w, https:\/\/agora.xtec.cat\/escolalavilapalamos\/wp-content\/uploads\/usu897\/2018\/12\/Fira-nadalenca.jpeg 1600w\" sizes=\"auto, (max-width: 395px) 100vw, 395px\" \/><\/a>La nostra escola participa com cada any a la tradicional <strong>Fira Nadalenca<\/strong> al <a href=\"https:\/\/www.google.es\/maps\/place\/Carrer+Major,+17230+Palam%C3%B3s,+Girona\/@41.8448376,3.1273231,16.75z\/data=!4m5!3m4!1s0x12bbaafacc551d7b:0xc3c32cdb92ddd7df!8m2!3d41.8473877!4d3.1294517\">carrer Major de Palam\u00f3s<\/a>.<br \/>\nDiumenge 15 de desembre de les 10.00h a les 14.00h<br \/>\nMitjan\u00e7ant la venda de productes decoratius de Nadal i el sorteig d\u2019obres d\u2019art, la tradicional Fira Nadalenca recaptar\u00e0 diners a benefici de les persones discapacitades de la comarca. L&#8217;Associaci\u00f3 Fira Nadalenca de Palam\u00f3s destinar\u00e0 la recaptaci\u00f3 resultant de les activitats solid\u00e0ries organitzades enguany, a tres entitats que treballen en projectes adre\u00e7ats a millorar la qualitat de vida de persones amb discapacitats ps\u00edquiques de la comarca del Baix Empord\u00e0. Concretament es tracta de l\u2019Ampa de l\u2019escola d\u2019educaci\u00f3 especial ELS \u00c0NGELS, l&#8217;Associaci\u00f3 AFATRAM i l&#8217;Associaci\u00f3 TRAMPOL\u00cd.<br \/>\nEls nens i nenes de P3 a 6\u00e8 han preparat manualitats de Nadal per vendre a la Fira. Els encarregats de la venda seran els\/les alumnes de 5\u00e8 acompanyats de mestres de l&#8217;escola.<\/p>\n\r\n\t<div class=\"slideshow_container slideshow_container_style-light\" style=\"height: 300px; \" data-slideshow-id=\"7064\" data-style-name=\"style-light\" data-style-version=\"2.3.1\" >\r\n\r\n\t\t\t\t\t<div class=\"slideshow_loading_icon\"><\/div>\r\n\t\t\r\n\t\t<div class=\"slideshow_content\" style=\"display: none;\">\r\n\r\n\t\t\t<div class=\"slideshow_view\">\r\n\t\t\t\t<div class=\"slideshow_slide slideshow_slide_image\">\r\n\t\t\t\t\t\t\t\t\t\t\t<img src=\"https:\/\/agora.xtec.cat\/escolalavilapalamos\/wp-content\/uploads\/usu897\/2019\/12\/WhatsApp-Image-2019-12-16-at-15.22.09.jpeg\" alt=\"WhatsApp Image 2019-12-16 at 15.22.09\" width=\"2048\" height=\"1152\" \/>\r\n\t\t\t\t\t\t\t\t\t\t<div class=\"slideshow_description_box slideshow_transparent\">\r\n\t\t\t\t\t\t<div class=\"slideshow_title\">WhatsApp Image 2019-12-16 at 15.22.09<\/div>\t\t\t\t\t\t\t\t\t\t\t<\/div>\r\n\t\t\t\t<\/div>\r\n\r\n\t\t\t\t\t\t<div style=\"clear: both;\"><\/div><\/div><div class=\"slideshow_view\">\r\n\t\t\t\t<div class=\"slideshow_slide slideshow_slide_image\">\r\n\t\t\t\t\t\t\t\t\t\t\t<img src=\"https:\/\/agora.xtec.cat\/escolalavilapalamos\/wp-content\/uploads\/usu897\/2019\/12\/WhatsApp-Image-2019-12-16-at-15.22.09-4.jpeg\" alt=\"WhatsApp Image 2019-12-16 at 15.22.09 (4)\" width=\"1984\" height=\"1488\" \/>\r\n\t\t\t\t\t\t\t\t\t\t<div class=\"slideshow_description_box slideshow_transparent\">\r\n\t\t\t\t\t\t<div class=\"slideshow_title\">WhatsApp Image 2019-12-16 at 15.22.09 (4)<\/div>\t\t\t\t\t\t\t\t\t\t\t<\/div>\r\n\t\t\t\t<\/div>\r\n\r\n\t\t\t\t\t\t<div style=\"clear: both;\"><\/div><\/div><div class=\"slideshow_view\">\r\n\t\t\t\t<div class=\"slideshow_slide slideshow_slide_image\">\r\n\t\t\t\t\t\t\t\t\t\t\t<img src=\"https:\/\/agora.xtec.cat\/escolalavilapalamos\/wp-content\/uploads\/usu897\/2019\/12\/WhatsApp-Image-2019-12-16-at-15.22.09-3.jpeg\" alt=\"WhatsApp Image 2019-12-16 at 15.22.09 (3)\" width=\"1984\" height=\"1488\" \/>\r\n\t\t\t\t\t\t\t\t\t\t<div class=\"slideshow_description_box slideshow_transparent\">\r\n\t\t\t\t\t\t<div class=\"slideshow_title\">WhatsApp Image 2019-12-16 at 15.22.09 (3)<\/div>\t\t\t\t\t\t\t\t\t\t\t<\/div>\r\n\t\t\t\t<\/div>\r\n\r\n\t\t\t\t\t\t<div style=\"clear: both;\"><\/div><\/div><div class=\"slideshow_view\">\r\n\t\t\t\t<div class=\"slideshow_slide slideshow_slide_image\">\r\n\t\t\t\t\t\t\t\t\t\t\t<img src=\"https:\/\/agora.xtec.cat\/escolalavilapalamos\/wp-content\/uploads\/usu897\/2019\/12\/WhatsApp-Image-2019-12-16-at-15.22.09-2.jpeg\" alt=\"WhatsApp Image 2019-12-16 at 15.22.09 (2)\" width=\"2048\" height=\"1152\" \/>\r\n\t\t\t\t\t\t\t\t\t\t<div class=\"slideshow_description_box slideshow_transparent\">\r\n\t\t\t\t\t\t<div class=\"slideshow_title\">WhatsApp Image 2019-12-16 at 15.22.09 (2)<\/div>\t\t\t\t\t\t\t\t\t\t\t<\/div>\r\n\t\t\t\t<\/div>\r\n\r\n\t\t\t\t\t\t<div style=\"clear: both;\"><\/div><\/div><div class=\"slideshow_view\">\r\n\t\t\t\t<div class=\"slideshow_slide slideshow_slide_image\">\r\n\t\t\t\t\t\t\t\t\t\t\t<img src=\"https:\/\/agora.xtec.cat\/escolalavilapalamos\/wp-content\/uploads\/usu897\/2019\/12\/WhatsApp-Image-2019-12-16-at-15.22.09-1.jpeg\" alt=\"WhatsApp Image 2019-12-16 at 15.22.09 (1)\" width=\"1152\" height=\"2048\" \/>\r\n\t\t\t\t\t\t\t\t\t\t<div class=\"slideshow_description_box slideshow_transparent\">\r\n\t\t\t\t\t\t<div class=\"slideshow_title\">WhatsApp Image 2019-12-16 at 15.22.09 (1)<\/div>\t\t\t\t\t\t\t\t\t\t\t<\/div>\r\n\t\t\t\t<\/div>\r\n\r\n\t\t\t\t\t\t<div style=\"clear: both;\"><\/div><\/div><div class=\"slideshow_view\">\r\n\t\t\t\t<div class=\"slideshow_slide slideshow_slide_image\">\r\n\t\t\t\t\t\t\t\t\t\t\t<img src=\"https:\/\/agora.xtec.cat\/escolalavilapalamos\/wp-content\/uploads\/usu897\/2019\/12\/WhatsApp-Image-2019-12-16-at-15.22.08.jpeg\" alt=\"WhatsApp Image 2019-12-16 at 15.22.08\" width=\"1152\" height=\"2048\" \/>\r\n\t\t\t\t\t\t\t\t\t\t<div class=\"slideshow_description_box slideshow_transparent\">\r\n\t\t\t\t\t\t<div class=\"slideshow_title\">WhatsApp Image 2019-12-16 at 15.22.08<\/div>\t\t\t\t\t\t\t\t\t\t\t<\/div>\r\n\t\t\t\t<\/div>\r\n\r\n\t\t\t\t\t\t<div style=\"clear: both;\"><\/div><\/div><div class=\"slideshow_view\">\r\n\t\t\t\t<div class=\"slideshow_slide slideshow_slide_image\">\r\n\t\t\t\t\t\t\t\t\t\t\t<img src=\"https:\/\/agora.xtec.cat\/escolalavilapalamos\/wp-content\/uploads\/usu897\/2019\/12\/WhatsApp-Image-2019-12-16-at-15.22.08-1.jpeg\" alt=\"WhatsApp Image 2019-12-16 at 15.22.08 (1)\" width=\"2048\" height=\"1152\" \/>\r\n\t\t\t\t\t\t\t\t\t\t<div class=\"slideshow_description_box slideshow_transparent\">\r\n\t\t\t\t\t\t<div class=\"slideshow_title\">WhatsApp Image 2019-12-16 at 15.22.08 (1)<\/div>\t\t\t\t\t\t\t\t\t\t\t<\/div>\r\n\t\t\t\t<\/div>\r\n\r\n\t\t\t\t\t\t<div style=\"clear: both;\"><\/div><\/div>\r\n\t\t<\/div>\r\n\r\n\t\t<div class=\"slideshow_controlPanel slideshow_transparent\" style=\"display: none;\"><ul><li class=\"slideshow_togglePlay\" data-play-text=\"Visualitza\" data-pause-text=\"Pausa\"><\/li><\/ul><\/div>\r\n\r\n\t\t<div class=\"slideshow_button slideshow_previous slideshow_transparent\" role=\"button\" data-previous-text=\"Anterior\" style=\"display: none;\"><\/div>\r\n\t\t<div class=\"slideshow_button slideshow_next slideshow_transparent\" role=\"button\" data-next-text=\"Seg\u00fcent\" style=\"display: none;\"><\/div>\r\n\r\n\t\t<div class=\"slideshow_pagination\" style=\"display: none;\" data-go-to-text=\"V\u00e9s a la diapositiva\"><div class=\"slideshow_pagination_center\"><\/div><\/div>\r\n\r\n\t\t<!-- WordPress Slideshow Version 2.3.1 -->\r\n\r\n\t\t\t<\/div>\r\n\r\n\n<p>Organitza:Associaci\u00f3 Fira Nadalenca de Palam\u00f3s<br \/>\nM\u00e9s informaci\u00f3 a<a href=\"https:\/\/drive.google.com\/file\/d\/14m3ijNmSUs9aFIGRH4GqrD1gYCxPNUal\/view?usp=sharing\"> La carta informativa dels projectes 2019<\/a> i a la <a href=\"https:\/\/www.palamoscomunicacio.cat\/web\/agenda.php?idAgenda=2525\">web de l&#8217;Ajuntament de Palam\u00f3s<\/a><\/p>\n<p>&nbsp;<\/p>\n<p>&nbsp;<\/p>\n","protected":false},"excerpt":{"rendered":"<p><a href=\"https:\/\/agora.xtec.cat\/escolalavilapalamos\/wp-content\/uploads\/usu897\/2018\/12\/Fira-nadalenca.jpeg\"><\/a>La nostra escola participa com cada any a la tradicional Fira Nadalenca al <a href=\"https:\/\/www.google.es\/maps\/place\/Carrer+Major,+17230+Palam%C3%B3s,+Girona\/@41.8448376,3.1273231,16.75z\/data=!4m5!3m4!1s0x12bbaafacc551d7b:0xc3c32cdb92ddd7df!8m2!3d41.8473877!4d3.1294517\">carrer Major de Palam\u00f3s<\/a>.<br \/>\nDiumenge 15 de desembre de les 10.00h a les 14.00h<br \/>\nMitjan\u00e7ant la venda de productes decoratius de Nadal i el sorteig d\u2019obres d\u2019art, la tradicional Fira Nadalenca recaptar\u00e0&hellip;  <a href=\"https:\/\/agora.xtec.cat\/escolalavilapalamos\/general\/fira-nadalenca\/\" title=\"Read Fira Nadalenca\">Llegeix m\u00e9s\u00bb<\/a><\/p>\n","protected":false},"author":1,"featured_media":4428,"comment_status":"open","ping_status":"closed","sticky":false,"template":"","format":"standard","meta":{"_bbp_topic_count":0,"_bbp_reply_count":0,"_bbp_total_topic_count":0,"_bbp_total_reply_count":0,"_bbp_voice_count":0,"_bbp_anonymous_reply_count":0,"_bbp_topic_count_hidden":0,"_bbp_reply_count_hidden":0,"_bbp_forum_subforum_count":0,"footnotes":""},"categories":[128,127,2,1,4],"tags":[],"class_list":["post-6859","post","type-post","status-publish","format-standard","has-post-thumbnail","hentry","category-comunitat-de-grans","category-comunitat-de-mitjans","category-infantil","category-general","category-portada"],"post_mailing_queue_ids":[],"_links":{"self":[{"href":"https:\/\/agora.xtec.cat\/escolalavilapalamos\/wp-json\/wp\/v2\/posts\/6859","targetHints":{"allow":["GET"]}}],"collection":[{"href":"https:\/\/agora.xtec.cat\/escolalavilapalamos\/wp-json\/wp\/v2\/posts"}],"about":[{"href":"https:\/\/agora.xtec.cat\/escolalavilapalamos\/wp-json\/wp\/v2\/types\/post"}],"author":[{"embeddable":true,"href":"https:\/\/agora.xtec.cat\/escolalavilapalamos\/wp-json\/wp\/v2\/users\/1"}],"replies":[{"embeddable":true,"href":"https:\/\/agora.xtec.cat\/escolalavilapalamos\/wp-json\/wp\/v2\/comments?post=6859"}],"version-history":[{"count":3,"href":"https:\/\/agora.xtec.cat\/escolalavilapalamos\/wp-json\/wp\/v2\/posts\/6859\/revisions"}],"predecessor-version":[{"id":7072,"href":"https:\/\/agora.xtec.cat\/escolalavilapalamos\/wp-json\/wp\/v2\/posts\/6859\/revisions\/7072"}],"wp:featuredmedia":[{"embeddable":true,"href":"https:\/\/agora.xtec.cat\/escolalavilapalamos\/wp-json\/wp\/v2\/media\/4428"}],"wp:attachment":[{"href":"https:\/\/agora.xtec.cat\/escolalavilapalamos\/wp-json\/wp\/v2\/media?parent=6859"}],"wp:term":[{"taxonomy":"category","embeddable":true,"href":"https:\/\/agora.xtec.cat\/escolalavilapalamos\/wp-json\/wp\/v2\/categories?post=6859"},{"taxonomy":"post_tag","embeddable":true,"href":"https:\/\/agora.xtec.cat\/escolalavilapalamos\/wp-json\/wp\/v2\/tags?post=6859"}],"curies":[{"name":"wp","href":"https:\/\/api.w.org\/{rel}","templated":true}]}}