{"id":6755,"date":"2019-12-12T12:36:24","date_gmt":"2019-12-12T11:36:24","guid":{"rendered":"http:\/\/agora.xtec.cat\/escolalavilapalamos\/?p=6755"},"modified":"2019-12-12T16:36:39","modified_gmt":"2019-12-12T15:36:39","slug":"dissenyem-una-ruta-virtual","status":"publish","type":"post","link":"https:\/\/agora.xtec.cat\/escolalavilapalamos\/general\/dissenyem-una-ruta-virtual\/","title":{"rendered":"Dissenyem una ruta virtual"},"content":{"rendered":"<p><img loading=\"lazy\" decoding=\"async\" class=\"alignleft\" src=\"https:\/\/www.pni.es\/media\/catalog\/product\/cache\/6380c83d5884a36a7131a916f8365eec\/P\/N\/PNIELE360_1.jpg\" alt=\"Resultado de imagen de imagenes de la camara elecam 360\" width=\"323\" height=\"323\" \/><\/p>\n<h4>Reporters La Vila<\/h4>\n<p>Aquest curs, a la comunitat de grans, un dels espais d&#8217;aprenentatge \u00e9s <em>Dissenyem una ruta virtual<\/em>. En aquest espai aprenem qu\u00e8 \u00e9s la realitat virtual i les difer\u00e8ncies amb la realitat augmentada. L&#8217;objectiu de l&#8217;espai \u00e9s<strong> anar per l&#8217;escola i fer una ruta virtual per con\u00e8ixer el centre<\/strong>. Utilitzen dos m\u00f2bils, un cub augmentat <em>merge cube,\u00a0<\/em>ulleres de realitat virtual i una c\u00e0mera 360\u00ba.<\/p>\n<p><em>Qu\u00e8 \u00e9s la realitat virtual ?<\/em> la realitat\u00a0 virtual \u00e9s la representaci\u00f3 de les coses a trav\u00e9s de mitjans electr\u00f2nics. Es duu a terme mitjan\u00e7ant una simulaci\u00f3 per ordinador o m\u00f2bil que aconsegueix fer la sensaci\u00f3 que all\u00f2 representat \u00e9s real i en la que sovint es pot interaccionar amb elements que envolten l&#8217;usuari. El terme <i>realitat virtual<\/i>\u00a0va ser inventat per\u00a0Jaron Lanier\u00a0el\u00a01989. Molts entorns de realitat virtual, s\u00f3n principalment experi\u00e8ncies\u00a0visuals, mostrades en una\u00a0pantalla\u00a0o mitjan\u00e7ant dispositius per visualitzar imatges en\u00a0tres dimensions,\u00a0ulleres espectrosc\u00f2piques, que poden incloure informaci\u00f3\u00a0sensorial\u00a0addicional, com ara les\u00a0auditives\u00a0(so) o la\u00a0t\u00e0ctil.<\/p>\n<p>En aquest espai es treballa molt\u00edssim. \u00c9s molt recomanable.<\/p>\n<p>Podeu veure un exemple de la feina amb les rutes que han dissenyat per ara: <a href=\"https:\/\/poly.google.com\/u\/0\/view\/3IfC-PnzyrF\">Ruta virtual per la comunitat de petits\u00a0<\/a> <a href=\"https:\/\/poly.google.com\/view\/bKHO1tsSlzg\">Ruta virtual per l&#8217;edifici nou ( aules d&#8217;especialistes i despatxos)<\/a><\/p>\n<p>&nbsp;<\/p>\n","protected":false},"excerpt":{"rendered":"<p>Reporters La Vila<br \/>\nAquest curs, a la comunitat de grans, un dels espais d&#8217;aprenentatge \u00e9s Dissenyem una ruta virtual. En aquest espai aprenem qu\u00e8 \u00e9s la realitat virtual i les difer\u00e8ncies amb la realitat augmentada. L&#8217;objectiu de l&#8217;espai \u00e9s anar per l&#8217;escola i fer una ruta&hellip;  <a href=\"https:\/\/agora.xtec.cat\/escolalavilapalamos\/general\/dissenyem-una-ruta-virtual\/\" title=\"Read Dissenyem una ruta virtual\">Llegeix m\u00e9s\u00bb<\/a><\/p>\n","protected":false},"author":171,"featured_media":7051,"comment_status":"open","ping_status":"closed","sticky":false,"template":"","format":"standard","meta":{"_bbp_topic_count":0,"_bbp_reply_count":0,"_bbp_total_topic_count":0,"_bbp_total_reply_count":0,"_bbp_voice_count":0,"_bbp_anonymous_reply_count":0,"_bbp_topic_count_hidden":0,"_bbp_reply_count_hidden":0,"_bbp_forum_subforum_count":0,"footnotes":""},"categories":[128,1,4,5],"tags":[],"class_list":["post-6755","post","type-post","status-publish","format-standard","has-post-thumbnail","hentry","category-comunitat-de-grans","category-general","category-portada","category-primaria"],"post_mailing_queue_ids":[],"_links":{"self":[{"href":"https:\/\/agora.xtec.cat\/escolalavilapalamos\/wp-json\/wp\/v2\/posts\/6755","targetHints":{"allow":["GET"]}}],"collection":[{"href":"https:\/\/agora.xtec.cat\/escolalavilapalamos\/wp-json\/wp\/v2\/posts"}],"about":[{"href":"https:\/\/agora.xtec.cat\/escolalavilapalamos\/wp-json\/wp\/v2\/types\/post"}],"author":[{"embeddable":true,"href":"https:\/\/agora.xtec.cat\/escolalavilapalamos\/wp-json\/wp\/v2\/users\/171"}],"replies":[{"embeddable":true,"href":"https:\/\/agora.xtec.cat\/escolalavilapalamos\/wp-json\/wp\/v2\/comments?post=6755"}],"version-history":[{"count":4,"href":"https:\/\/agora.xtec.cat\/escolalavilapalamos\/wp-json\/wp\/v2\/posts\/6755\/revisions"}],"predecessor-version":[{"id":7054,"href":"https:\/\/agora.xtec.cat\/escolalavilapalamos\/wp-json\/wp\/v2\/posts\/6755\/revisions\/7054"}],"wp:featuredmedia":[{"embeddable":true,"href":"https:\/\/agora.xtec.cat\/escolalavilapalamos\/wp-json\/wp\/v2\/media\/7051"}],"wp:attachment":[{"href":"https:\/\/agora.xtec.cat\/escolalavilapalamos\/wp-json\/wp\/v2\/media?parent=6755"}],"wp:term":[{"taxonomy":"category","embeddable":true,"href":"https:\/\/agora.xtec.cat\/escolalavilapalamos\/wp-json\/wp\/v2\/categories?post=6755"},{"taxonomy":"post_tag","embeddable":true,"href":"https:\/\/agora.xtec.cat\/escolalavilapalamos\/wp-json\/wp\/v2\/tags?post=6755"}],"curies":[{"name":"wp","href":"https:\/\/api.w.org\/{rel}","templated":true}]}}