{"id":6719,"date":"2019-12-02T16:37:28","date_gmt":"2019-12-02T15:37:28","guid":{"rendered":"http:\/\/agora.xtec.cat\/escolalavilapalamos\/?p=6719"},"modified":"2019-12-10T16:43:25","modified_gmt":"2019-12-10T15:43:25","slug":"les-caixes-dinvestigacio-de-6e","status":"publish","type":"post","link":"https:\/\/agora.xtec.cat\/escolalavilapalamos\/general\/les-caixes-dinvestigacio-de-6e\/","title":{"rendered":"Les caixes d&#8217;investigaci\u00f3 de 6\u00e8"},"content":{"rendered":"<h4 style=\"text-align: left;\">Reporters La Vila<a href=\"https:\/\/agora.xtec.cat\/escolalavilapalamos\/wp-content\/uploads\/usu897\/2019\/12\/WhatsApp-Image-2019-11-26-at-16.01.47-1.jpeg\"><img loading=\"lazy\" decoding=\"async\" class=\"wp-image-6899 alignleft\" src=\"https:\/\/agora.xtec.cat\/escolalavilapalamos\/wp-content\/uploads\/usu897\/2019\/12\/WhatsApp-Image-2019-11-26-at-16.01.47-1-1024x576.jpeg\" alt=\"\" width=\"466\" height=\"262\" srcset=\"https:\/\/agora.xtec.cat\/escolalavilapalamos\/wp-content\/uploads\/usu897\/2019\/12\/WhatsApp-Image-2019-11-26-at-16.01.47-1-1024x576.jpeg 1024w, https:\/\/agora.xtec.cat\/escolalavilapalamos\/wp-content\/uploads\/usu897\/2019\/12\/WhatsApp-Image-2019-11-26-at-16.01.47-1-300x169.jpeg 300w, https:\/\/agora.xtec.cat\/escolalavilapalamos\/wp-content\/uploads\/usu897\/2019\/12\/WhatsApp-Image-2019-11-26-at-16.01.47-1-768x432.jpeg 768w, https:\/\/agora.xtec.cat\/escolalavilapalamos\/wp-content\/uploads\/usu897\/2019\/12\/WhatsApp-Image-2019-11-26-at-16.01.47-1.jpeg 1403w\" sizes=\"auto, (max-width: 466px) 100vw, 466px\" \/><\/a><\/h4>\n<p style=\"text-align: left;\">La Jasmine de 4t i la Lorena\u00a0 de 6\u00e8 hem anat a fer unes preguntes a les mestres de 6\u00e8, responsables de les caixes d&#8217;investigaci\u00f3 dels grups de 6\u00e8.<\/p>\n<ul>\n<li>Quantes caixes hi ha ? Hi ha 20 caixes d&#8217;investigaci\u00f3.<\/li>\n<li>Quantes\u00a0 mestres estan involucrades ? quatre mestres. La Lourdes, la Marta, l&#8217;Ariadna i l&#8217;\u00c0ngela.<\/li>\n<li>De qu\u00e8 tracten les caixes? De diversos aspectes d&#8217;estudi i investigaci\u00f3 cient\u00edfica on els alumnes han de crear hip\u00f2tesis, cercar i respondre creant coneixements nous. Tenim <em>remulla&#8217;t<\/em>, <em>Sonaigua, Platja o piscina <\/em>i <em>Xip-xap<\/em> sobre l&#8217;estudi de l&#8217;aigua, <em>Homo what?<\/em> i <em>Unga, unga<\/em> sobre l&#8217;evoluci\u00f3 humana i el pas del temps, <em>Tinc febre<\/em> d&#8217;estudi del cos hum\u00e0, <em>Apol\u00b7lo 11<\/em> i <em>la m\u00fasica de les esferes sobre <\/em>astronomia.<\/li>\n<li>Us agrada el vostre treball de caixes? a la majoria de les mestres els encanta treballar-hi.<\/li>\n<li>Si podeu canviar alguna caixa, quina seria? a la Lourdes li agradaria fer m\u00e9s m\u00fasica.Les altres mestres canviarien aspectes puntuals d&#8217;alguna caixa.<\/li>\n<\/ul>\n<p>Podeu veure un recull de fotos de les caixes d&#8217; investigaci\u00f3<a href=\"https:\/\/photos.app.goo.gl\/Yw6thtKzXQ6bJmud7\"> aqu\u00ed<\/a><\/p>\n<p>&nbsp;<\/p>\n","protected":false},"excerpt":{"rendered":"<p>Reporters La Vila<a href=\"https:\/\/agora.xtec.cat\/escolalavilapalamos\/wp-content\/uploads\/usu897\/2019\/12\/WhatsApp-Image-2019-11-26-at-16.01.47-1.jpeg\"><\/a><br \/>\nLa Jasmine de 4t i la Lorena\u00a0 de 6\u00e8 hem anat a fer unes preguntes a les mestres de 6\u00e8, responsables de les caixes d&#8217;investigaci\u00f3 dels grups de 6\u00e8.<\/p>\n<ul>\n<li>Quantes caixes hi ha ? Hi ha 20 caixes d&#8217;investigaci\u00f3.<\/li>\n<li>Quantes\u00a0 mestres estan involucrades ?&hellip;  <a href=\"https:\/\/agora.xtec.cat\/escolalavilapalamos\/general\/les-caixes-dinvestigacio-de-6e\/\" title=\"Read Les caixes d&#8217;investigaci\u00f3 de 6\u00e8\">Llegeix m\u00e9s\u00bb<\/a><br \/>\n","protected":false},"author":171,"featured_media":6899,"comment_status":"open","ping_status":"closed","sticky":false,"template":"","format":"standard","meta":{"_bbp_topic_count":0,"_bbp_reply_count":0,"_bbp_total_topic_count":0,"_bbp_total_reply_count":0,"_bbp_voice_count":0,"_bbp_anonymous_reply_count":0,"_bbp_topic_count_hidden":0,"_bbp_reply_count_hidden":0,"_bbp_forum_subforum_count":0,"footnotes":""},"categories":[128,1,4,5],"tags":[],"class_list":["post-6719","post","type-post","status-publish","format-standard","has-post-thumbnail","hentry","category-comunitat-de-grans","category-general","category-portada","category-primaria"],"post_mailing_queue_ids":[],"_links":{"self":[{"href":"https:\/\/agora.xtec.cat\/escolalavilapalamos\/wp-json\/wp\/v2\/posts\/6719","targetHints":{"allow":["GET"]}}],"collection":[{"href":"https:\/\/agora.xtec.cat\/escolalavilapalamos\/wp-json\/wp\/v2\/posts"}],"about":[{"href":"https:\/\/agora.xtec.cat\/escolalavilapalamos\/wp-json\/wp\/v2\/types\/post"}],"author":[{"embeddable":true,"href":"https:\/\/agora.xtec.cat\/escolalavilapalamos\/wp-json\/wp\/v2\/users\/171"}],"replies":[{"embeddable":true,"href":"https:\/\/agora.xtec.cat\/escolalavilapalamos\/wp-json\/wp\/v2\/comments?post=6719"}],"version-history":[{"count":3,"href":"https:\/\/agora.xtec.cat\/escolalavilapalamos\/wp-json\/wp\/v2\/posts\/6719\/revisions"}],"predecessor-version":[{"id":6902,"href":"https:\/\/agora.xtec.cat\/escolalavilapalamos\/wp-json\/wp\/v2\/posts\/6719\/revisions\/6902"}],"wp:featuredmedia":[{"embeddable":true,"href":"https:\/\/agora.xtec.cat\/escolalavilapalamos\/wp-json\/wp\/v2\/media\/6899"}],"wp:attachment":[{"href":"https:\/\/agora.xtec.cat\/escolalavilapalamos\/wp-json\/wp\/v2\/media?parent=6719"}],"wp:term":[{"taxonomy":"category","embeddable":true,"href":"https:\/\/agora.xtec.cat\/escolalavilapalamos\/wp-json\/wp\/v2\/categories?post=6719"},{"taxonomy":"post_tag","embeddable":true,"href":"https:\/\/agora.xtec.cat\/escolalavilapalamos\/wp-json\/wp\/v2\/tags?post=6719"}],"curies":[{"name":"wp","href":"https:\/\/api.w.org\/{rel}","templated":true}]}}