{"id":6715,"date":"2019-11-12T15:40:03","date_gmt":"2019-11-12T14:40:03","guid":{"rendered":"http:\/\/agora.xtec.cat\/escolalavilapalamos\/?p=6715"},"modified":"2019-12-10T16:01:39","modified_gmt":"2019-12-10T15:01:39","slug":"visita-del-departament","status":"publish","type":"post","link":"https:\/\/agora.xtec.cat\/escolalavilapalamos\/general\/visita-del-departament\/","title":{"rendered":"Visita del departament"},"content":{"rendered":"<h4>Reporters La Vila<\/h4>\n<p>Avui dimarts 12 de novembre han vingut a l&#8217;escola l&#8217;Eva i en Pau, una fot\u00f2grafa i un c\u00e0mera del Departament d&#8217;educaci\u00f3.Estan fent un reportatge de la nostra escola per la web del departament,\u00a0 youtube i les xarxes socials. Tornaran a venir a l&#8217;escola el proper dimarts 26 de novembre.<\/p>\n<p>El Departament d&#8217;educaci\u00f3 far\u00e0 un reportatge del centre on es podran veure les diferents maneres de treballar i tots els tipus d&#8217;activitats diverses que portem a terme.<\/p>\n<p><iframe loading=\"lazy\" src=\"\/\/www.youtube.com\/embed\/y_LVZHCi42o\" width=\"560\" height=\"314\" allowfullscreen=\"allowfullscreen\"><\/iframe><\/p>\n","protected":false},"excerpt":{"rendered":"<p>Reporters La Vila<br \/>\nAvui dimarts 12 de novembre han vingut a l&#8217;escola l&#8217;Eva i en Pau, una fot\u00f2grafa i un c\u00e0mera del Departament d&#8217;educaci\u00f3.Estan fent un reportatge de la nostra escola per la web del departament,\u00a0 youtube i les xarxes socials. Tornaran a venir a l&#8217;escola&hellip;  <a href=\"https:\/\/agora.xtec.cat\/escolalavilapalamos\/general\/visita-del-departament\/\" title=\"Read Visita del departament\">Llegeix m\u00e9s\u00bb<\/a><\/p>\n","protected":false},"author":171,"featured_media":6893,"comment_status":"open","ping_status":"closed","sticky":false,"template":"","format":"standard","meta":{"_bbp_topic_count":0,"_bbp_reply_count":0,"_bbp_total_topic_count":0,"_bbp_total_reply_count":0,"_bbp_voice_count":0,"_bbp_anonymous_reply_count":0,"_bbp_topic_count_hidden":0,"_bbp_reply_count_hidden":0,"_bbp_forum_subforum_count":0,"footnotes":""},"categories":[2,1,4,5],"tags":[],"class_list":["post-6715","post","type-post","status-publish","format-standard","has-post-thumbnail","hentry","category-infantil","category-general","category-portada","category-primaria"],"post_mailing_queue_ids":[],"_links":{"self":[{"href":"https:\/\/agora.xtec.cat\/escolalavilapalamos\/wp-json\/wp\/v2\/posts\/6715","targetHints":{"allow":["GET"]}}],"collection":[{"href":"https:\/\/agora.xtec.cat\/escolalavilapalamos\/wp-json\/wp\/v2\/posts"}],"about":[{"href":"https:\/\/agora.xtec.cat\/escolalavilapalamos\/wp-json\/wp\/v2\/types\/post"}],"author":[{"embeddable":true,"href":"https:\/\/agora.xtec.cat\/escolalavilapalamos\/wp-json\/wp\/v2\/users\/171"}],"replies":[{"embeddable":true,"href":"https:\/\/agora.xtec.cat\/escolalavilapalamos\/wp-json\/wp\/v2\/comments?post=6715"}],"version-history":[{"count":3,"href":"https:\/\/agora.xtec.cat\/escolalavilapalamos\/wp-json\/wp\/v2\/posts\/6715\/revisions"}],"predecessor-version":[{"id":6896,"href":"https:\/\/agora.xtec.cat\/escolalavilapalamos\/wp-json\/wp\/v2\/posts\/6715\/revisions\/6896"}],"wp:featuredmedia":[{"embeddable":true,"href":"https:\/\/agora.xtec.cat\/escolalavilapalamos\/wp-json\/wp\/v2\/media\/6893"}],"wp:attachment":[{"href":"https:\/\/agora.xtec.cat\/escolalavilapalamos\/wp-json\/wp\/v2\/media?parent=6715"}],"wp:term":[{"taxonomy":"category","embeddable":true,"href":"https:\/\/agora.xtec.cat\/escolalavilapalamos\/wp-json\/wp\/v2\/categories?post=6715"},{"taxonomy":"post_tag","embeddable":true,"href":"https:\/\/agora.xtec.cat\/escolalavilapalamos\/wp-json\/wp\/v2\/tags?post=6715"}],"curies":[{"name":"wp","href":"https:\/\/api.w.org\/{rel}","templated":true}]}}