{"id":6709,"date":"2019-11-18T09:36:38","date_gmt":"2019-11-18T08:36:38","guid":{"rendered":"http:\/\/agora.xtec.cat\/escolalavilapalamos\/?p=6709"},"modified":"2019-11-19T12:35:24","modified_gmt":"2019-11-19T11:35:24","slug":"1r-i-2n-a-la-gorga-a-veure-teatre","status":"publish","type":"post","link":"https:\/\/agora.xtec.cat\/escolalavilapalamos\/general\/1r-i-2n-a-la-gorga-a-veure-teatre\/","title":{"rendered":"1r i 2n a La Gorga a veure teatre"},"content":{"rendered":"<h4><a href=\"https:\/\/agora.xtec.cat\/escolalavilapalamos\/wp-content\/uploads\/usu897\/2019\/11\/CARTELLTEATRE-BARCELONA-la-llibreria-magica-390x560.jpg\"><img loading=\"lazy\" decoding=\"async\" class=\"wp-image-6720 alignright\" src=\"https:\/\/agora.xtec.cat\/escolalavilapalamos\/wp-content\/uploads\/usu897\/2019\/11\/CARTELLTEATRE-BARCELONA-la-llibreria-magica-390x560.jpg\" alt=\"\" width=\"294\" height=\"317\" srcset=\"https:\/\/agora.xtec.cat\/escolalavilapalamos\/wp-content\/uploads\/usu897\/2019\/11\/CARTELLTEATRE-BARCELONA-la-llibreria-magica-390x560.jpg 390w, https:\/\/agora.xtec.cat\/escolalavilapalamos\/wp-content\/uploads\/usu897\/2019\/11\/CARTELLTEATRE-BARCELONA-la-llibreria-magica-390x560-278x300.jpg 278w\" sizes=\"auto, (max-width: 294px) 100vw, 294px\" \/><\/a>Reporters La Vila<\/h4>\n<p style=\"text-align: left;\">El proper dijous 21 de novembre al mat\u00ed de 9:30h a 10:30h ,\u00a0 els nens i nenes de 1r i 2n aniran a veure l&#8217;obra <em>la llibreria m\u00e0gica<\/em> de la compayia peixos peixeres.<\/p>\n<p>El senyor Ramon, propietari d\u2019una centen\u00e0ria llibreria, s\u2019encarrega de copiar els contes d\u2019arreu del m\u00f3n perqu\u00e8 no desapareguin i aix\u00ed, tots els nens i nenes els puguin llegir en un futur. El Joan, el seu jove aprenent, realitza les tasques m\u00e9s feixugues de la llibreria mentre somia en poder arribar a copiar els contes com<br \/>\nfa el senyor Ramon.<br \/>\nPer\u00f2 la pac\u00edfica activitat dels dos protagonistes es veur\u00e0 afectada per l\u2019arribada<br \/>\nde la Marta, una cartera molt especial, amb un paquet m\u00e0gic. I tamb\u00e9, per<br \/>\nl\u2019amena\u00e7a de destruir la llibreria per part de la presidenta de la multinacional<br \/>\n\u201cPensa Poc\u201d, Elena Tocanassos.<br \/>\nLlavors, el senyor Ramon i el Joan hauran d\u2019enginyar-se-les per salvar la llibreria i els seus contes. Ho aconseguiran?<\/p>\n<p>Us podeu descarregar el dossier pedag\u00f2gic de l&#8217;obra <a href=\"https:\/\/drive.google.com\/file\/d\/0B0P6-dzfPaO5ZG5hWmU2MF8yOEZ5SlpPVDU4LUJyVEw5RXJN\/view?usp=sharing\">aqu\u00ed<\/a><\/p>\n<p><iframe loading=\"lazy\" src=\"\/\/www.youtube.com\/embed\/0-BngH-tk94\" width=\"560\" height=\"314\"><\/iframe><\/p>\n","protected":false},"excerpt":{"rendered":"<p><a href=\"https:\/\/agora.xtec.cat\/escolalavilapalamos\/wp-content\/uploads\/usu897\/2019\/11\/CARTELLTEATRE-BARCELONA-la-llibreria-magica-390x560.jpg\"><\/a>Reporters La Vila<br \/>\nEl proper dijous 21 de novembre al mat\u00ed de 9:30h a 10:30h ,\u00a0 els nens i nenes de 1r i 2n aniran a veure l&#8217;obra la llibreria m\u00e0gica de la compayia peixos peixeres.<br \/>\nEl senyor Ramon, propietari d\u2019una centen\u00e0ria llibreria, s\u2019encarrega de copiar&hellip;  <a href=\"https:\/\/agora.xtec.cat\/escolalavilapalamos\/general\/1r-i-2n-a-la-gorga-a-veure-teatre\/\" title=\"Read 1r i 2n a La Gorga a veure teatre\">Llegeix m\u00e9s\u00bb<\/a><\/p>\n","protected":false},"author":171,"featured_media":6720,"comment_status":"open","ping_status":"closed","sticky":false,"template":"","format":"standard","meta":{"_bbp_topic_count":0,"_bbp_reply_count":0,"_bbp_total_topic_count":0,"_bbp_total_reply_count":0,"_bbp_voice_count":0,"_bbp_anonymous_reply_count":0,"_bbp_topic_count_hidden":0,"_bbp_reply_count_hidden":0,"_bbp_forum_subforum_count":0,"footnotes":""},"categories":[127,1,4,5],"tags":[],"class_list":["post-6709","post","type-post","status-publish","format-standard","has-post-thumbnail","hentry","category-comunitat-de-mitjans","category-general","category-portada","category-primaria"],"post_mailing_queue_ids":[],"_links":{"self":[{"href":"https:\/\/agora.xtec.cat\/escolalavilapalamos\/wp-json\/wp\/v2\/posts\/6709","targetHints":{"allow":["GET"]}}],"collection":[{"href":"https:\/\/agora.xtec.cat\/escolalavilapalamos\/wp-json\/wp\/v2\/posts"}],"about":[{"href":"https:\/\/agora.xtec.cat\/escolalavilapalamos\/wp-json\/wp\/v2\/types\/post"}],"author":[{"embeddable":true,"href":"https:\/\/agora.xtec.cat\/escolalavilapalamos\/wp-json\/wp\/v2\/users\/171"}],"replies":[{"embeddable":true,"href":"https:\/\/agora.xtec.cat\/escolalavilapalamos\/wp-json\/wp\/v2\/comments?post=6709"}],"version-history":[{"count":3,"href":"https:\/\/agora.xtec.cat\/escolalavilapalamos\/wp-json\/wp\/v2\/posts\/6709\/revisions"}],"predecessor-version":[{"id":6747,"href":"https:\/\/agora.xtec.cat\/escolalavilapalamos\/wp-json\/wp\/v2\/posts\/6709\/revisions\/6747"}],"wp:featuredmedia":[{"embeddable":true,"href":"https:\/\/agora.xtec.cat\/escolalavilapalamos\/wp-json\/wp\/v2\/media\/6720"}],"wp:attachment":[{"href":"https:\/\/agora.xtec.cat\/escolalavilapalamos\/wp-json\/wp\/v2\/media?parent=6709"}],"wp:term":[{"taxonomy":"category","embeddable":true,"href":"https:\/\/agora.xtec.cat\/escolalavilapalamos\/wp-json\/wp\/v2\/categories?post=6709"},{"taxonomy":"post_tag","embeddable":true,"href":"https:\/\/agora.xtec.cat\/escolalavilapalamos\/wp-json\/wp\/v2\/tags?post=6709"}],"curies":[{"name":"wp","href":"https:\/\/api.w.org\/{rel}","templated":true}]}}