{"id":6693,"date":"2019-11-13T10:21:34","date_gmt":"2019-11-13T09:21:34","guid":{"rendered":"http:\/\/agora.xtec.cat\/escolalavilapalamos\/?p=6693"},"modified":"2019-11-18T09:30:21","modified_gmt":"2019-11-18T08:30:21","slug":"anem-a-la-gorga-a-veure-teatre-5","status":"publish","type":"post","link":"https:\/\/agora.xtec.cat\/escolalavilapalamos\/general\/anem-a-la-gorga-a-veure-teatre-5\/","title":{"rendered":"5\u00e8 i 6\u00e8 a La Gorga a veure Teatre"},"content":{"rendered":"<h4>Reporters La Vila<\/h4>\n<p><a href=\"https:\/\/agora.xtec.cat\/escolalavilapalamos\/wp-content\/uploads\/usu897\/2019\/11\/mon-pare-es-un-ogre-la-baldufa67.jpg\"><img loading=\"lazy\" decoding=\"async\" class=\"wp-image-6700 alignright\" src=\"https:\/\/agora.xtec.cat\/escolalavilapalamos\/wp-content\/uploads\/usu897\/2019\/11\/mon-pare-es-un-ogre-la-baldufa67-1024x684.jpg\" alt=\"\" width=\"338\" height=\"226\" srcset=\"https:\/\/agora.xtec.cat\/escolalavilapalamos\/wp-content\/uploads\/usu897\/2019\/11\/mon-pare-es-un-ogre-la-baldufa67-1024x684.jpg 1024w, https:\/\/agora.xtec.cat\/escolalavilapalamos\/wp-content\/uploads\/usu897\/2019\/11\/mon-pare-es-un-ogre-la-baldufa67-300x200.jpg 300w, https:\/\/agora.xtec.cat\/escolalavilapalamos\/wp-content\/uploads\/usu897\/2019\/11\/mon-pare-es-un-ogre-la-baldufa67-768x513.jpg 768w, https:\/\/agora.xtec.cat\/escolalavilapalamos\/wp-content\/uploads\/usu897\/2019\/11\/mon-pare-es-un-ogre-la-baldufa67.jpg 1200w\" sizes=\"auto, (max-width: 338px) 100vw, 338px\" \/><\/a>El proper dijous 14 de novembre de 2019 els nois i noies de 5\u00e8 i 6\u00e8 van a veure una obra de teatre a La Gorga. L&#8217; obra es diu <a href=\"https:\/\/www.labaldufateatre.com\/espectacles\/mon-pare-es-un-ogre\/\"><em>Mon pare es un ogre<\/em><\/a> de<a href=\"https:\/\/www.labaldufateatre.com\/\"> la companyia Baldufa<\/a>. Anirem al mat\u00ed de\u00a0 9:30 a 10:30h.<\/p>\n<p>En Miquel va cr\u00e9ixer sense pare, un home a qui tothom anomenava \u201cl\u2019Ogre\u201d. Durant molt\u00edssims anys, no ha sabut res d\u2019ell. Ara, a la maduresa, rep la visita d\u2019un home que ha compartit cel\u00b7la amb el seu pare a la pres\u00f3 i duu una carta per a ell. D\u2019aquesta manera, descobreix la hist\u00f2ria no explicada, descobreix un Ogre solitari i fosc, al cor del qual encara hi ha un lloc per al seu estimat fill. Descobreix que gr\u00e0cies a aquest amor, el seu pare mai no ha deixat de ser un \u00e9sser hum\u00e0.<\/p>\n<p>Us podeu descarregar el dossier pedag\u00f2gic de l&#8217;obra <a href=\"https:\/\/drive.google.com\/file\/d\/0B0P6-dzfPaO5SXpENC02N0tRLWRDTWFHV1RvR3M2UEd2SGx3\/view?usp=sharing\">aqu\u00ed<\/a><\/p>\n<p><a href=\"https:\/\/agora.xtec.cat\/escolalavilapalamos\/wp-content\/uploads\/usu897\/2019\/11\/mon-pare-es-un-ogre-la-baldufa67.jpg\"><iframe loading=\"lazy\" src=\"\/\/www.youtube.com\/embed\/zqgDucEaqPY\" width=\"560\" height=\"314\"><\/iframe><\/a><\/p>\n","protected":false},"excerpt":{"rendered":"<p>Reporters La Vila<br \/>\n<a href=\"https:\/\/agora.xtec.cat\/escolalavilapalamos\/wp-content\/uploads\/usu897\/2019\/11\/mon-pare-es-un-ogre-la-baldufa67.jpg\"><\/a>El proper dijous 14 de novembre de 2019 els nois i noies de 5\u00e8 i 6\u00e8 van a veure una obra de teatre a La Gorga. L&#8217; obra es diu <a href=\"https:\/\/www.labaldufateatre.com\/espectacles\/mon-pare-es-un-ogre\/\">Mon pare es un ogre<\/a> de<a href=\"https:\/\/www.labaldufateatre.com\/\"> la companyia Baldufa<\/a>. Anirem&hellip;  <a href=\"https:\/\/agora.xtec.cat\/escolalavilapalamos\/general\/anem-a-la-gorga-a-veure-teatre-5\/\" title=\"Read 5\u00e8 i 6\u00e8 a La Gorga a veure Teatre\">Llegeix m\u00e9s\u00bb<\/a><\/p>\n","protected":false},"author":171,"featured_media":6700,"comment_status":"open","ping_status":"closed","sticky":false,"template":"","format":"standard","meta":{"_bbp_topic_count":0,"_bbp_reply_count":0,"_bbp_total_topic_count":0,"_bbp_total_reply_count":0,"_bbp_voice_count":0,"_bbp_anonymous_reply_count":0,"_bbp_topic_count_hidden":0,"_bbp_reply_count_hidden":0,"_bbp_forum_subforum_count":0,"footnotes":""},"categories":[128,1,4],"tags":[],"class_list":["post-6693","post","type-post","status-publish","format-standard","has-post-thumbnail","hentry","category-comunitat-de-grans","category-general","category-portada"],"post_mailing_queue_ids":[],"_links":{"self":[{"href":"https:\/\/agora.xtec.cat\/escolalavilapalamos\/wp-json\/wp\/v2\/posts\/6693","targetHints":{"allow":["GET"]}}],"collection":[{"href":"https:\/\/agora.xtec.cat\/escolalavilapalamos\/wp-json\/wp\/v2\/posts"}],"about":[{"href":"https:\/\/agora.xtec.cat\/escolalavilapalamos\/wp-json\/wp\/v2\/types\/post"}],"author":[{"embeddable":true,"href":"https:\/\/agora.xtec.cat\/escolalavilapalamos\/wp-json\/wp\/v2\/users\/171"}],"replies":[{"embeddable":true,"href":"https:\/\/agora.xtec.cat\/escolalavilapalamos\/wp-json\/wp\/v2\/comments?post=6693"}],"version-history":[{"count":3,"href":"https:\/\/agora.xtec.cat\/escolalavilapalamos\/wp-json\/wp\/v2\/posts\/6693\/revisions"}],"predecessor-version":[{"id":6739,"href":"https:\/\/agora.xtec.cat\/escolalavilapalamos\/wp-json\/wp\/v2\/posts\/6693\/revisions\/6739"}],"wp:featuredmedia":[{"embeddable":true,"href":"https:\/\/agora.xtec.cat\/escolalavilapalamos\/wp-json\/wp\/v2\/media\/6700"}],"wp:attachment":[{"href":"https:\/\/agora.xtec.cat\/escolalavilapalamos\/wp-json\/wp\/v2\/media?parent=6693"}],"wp:term":[{"taxonomy":"category","embeddable":true,"href":"https:\/\/agora.xtec.cat\/escolalavilapalamos\/wp-json\/wp\/v2\/categories?post=6693"},{"taxonomy":"post_tag","embeddable":true,"href":"https:\/\/agora.xtec.cat\/escolalavilapalamos\/wp-json\/wp\/v2\/tags?post=6693"}],"curies":[{"name":"wp","href":"https:\/\/api.w.org\/{rel}","templated":true}]}}