{"id":6692,"date":"2019-11-13T10:17:03","date_gmt":"2019-11-13T09:17:03","guid":{"rendered":"http:\/\/agora.xtec.cat\/escolalavilapalamos\/?p=6692"},"modified":"2019-11-18T10:14:42","modified_gmt":"2019-11-18T09:14:42","slug":"anem-a-la-gorga-a-veure-teatre-4","status":"publish","type":"post","link":"https:\/\/agora.xtec.cat\/escolalavilapalamos\/general\/anem-a-la-gorga-a-veure-teatre-4\/","title":{"rendered":"3r i 4t a La Gorga a veure teatre"},"content":{"rendered":"<p>Reporters La Vila<\/p>\n<p>El dimecres 13 de novembre els nens i nenes de 3r i 4t van a veure una obra de teatre. Ser\u00e0 a la tarda de 15:15 fins a 16:15h.<\/p>\n<p>L&#8217;obra de teatre es diu <strong>Oops!l\u00a0<\/strong>de la companyia\u00a0 <a href=\"http:\/\/www.teatremobil.com\/web.php\">Teatre m\u00f2bil<\/a>. Durada 55min<img loading=\"lazy\" decoding=\"async\" class=\" wp-image-6696 alignright\" src=\"https:\/\/agora.xtec.cat\/escolalavilapalamos\/wp-content\/uploads\/usu897\/2019\/11\/baixa-1.jpeg\" alt=\"\" width=\"364\" height=\"163\" srcset=\"https:\/\/agora.xtec.cat\/escolalavilapalamos\/wp-content\/uploads\/usu897\/2019\/11\/baixa-1.jpeg 335w, https:\/\/agora.xtec.cat\/escolalavilapalamos\/wp-content\/uploads\/usu897\/2019\/11\/baixa-1-300x134.jpeg 300w\" sizes=\"auto, (max-width: 364px) 100vw, 364px\" \/>.<\/p>\n<p>L\u2019inspiraci\u00f3 visita un compositor. Uns cuiners creen un m\u00f3n de pots i olles. Tres cantants mel\u00f2dics perden el comp\u00e0s darrera un microfon rebel. La trompeta \u00e9s m\u00e9s gran que el trompetista i tot agafa una altra dimensi\u00f3. Les coses no s\u00f3n com les veiem normalment.<br \/>\nA Oops! ens fem grans, ens fem petits, fem m\u00fasica, s\u00f3m m\u00e0gics, parlem sense paraules, juguem amb els objectes i els objectes juguen amb nosaltres i tot\u2026 amb grans dosis d\u2019imaginaci\u00f3 i molt, molt d\u2019humor.<\/p>\n<p>Us podeu descarregar la proposta did\u00e0ctica de l&#8217;obra <a href=\"https:\/\/drive.google.com\/file\/d\/0B0P6-dzfPaO5bzBGQkNmdE5PN19yb0YyOV9xc1NNcnpYU0hF\/view?usp=sharing\">aqu\u00ed<\/a><\/p>\n<p><iframe loading=\"lazy\" src=\"\/\/www.youtube.com\/embed\/Zav59Jufjns\" width=\"560\" height=\"314\"><\/iframe><\/p>\n<p>&nbsp;<\/p>\n","protected":false},"excerpt":{"rendered":"<p>Reporters La Vila<br \/>\nEl dimecres 13 de novembre els nens i nenes de 3r i 4t van a veure una obra de teatre. Ser\u00e0 a la tarda de 15:15 fins a 16:15h.<br \/>\nL&#8217;obra de teatre es diu Oops!l\u00a0de la companyia\u00a0 <a href=\"http:\/\/www.teatremobil.com\/web.php\">Teatre m\u00f2bil<\/a>. Durada 55min.<br \/>\nL\u2019inspiraci\u00f3 visita un&hellip;  <a href=\"https:\/\/agora.xtec.cat\/escolalavilapalamos\/general\/anem-a-la-gorga-a-veure-teatre-4\/\" title=\"Read 3r i 4t a La Gorga a veure teatre\">Llegeix m\u00e9s\u00bb<\/a><\/p>\n","protected":false},"author":171,"featured_media":6696,"comment_status":"open","ping_status":"closed","sticky":false,"template":"","format":"standard","meta":{"_bbp_topic_count":0,"_bbp_reply_count":0,"_bbp_total_topic_count":0,"_bbp_total_reply_count":0,"_bbp_voice_count":0,"_bbp_anonymous_reply_count":0,"_bbp_topic_count_hidden":0,"_bbp_reply_count_hidden":0,"_bbp_forum_subforum_count":0,"footnotes":""},"categories":[127,1,4],"tags":[],"class_list":["post-6692","post","type-post","status-publish","format-standard","has-post-thumbnail","hentry","category-comunitat-de-mitjans","category-general","category-portada"],"post_mailing_queue_ids":[],"_links":{"self":[{"href":"https:\/\/agora.xtec.cat\/escolalavilapalamos\/wp-json\/wp\/v2\/posts\/6692","targetHints":{"allow":["GET"]}}],"collection":[{"href":"https:\/\/agora.xtec.cat\/escolalavilapalamos\/wp-json\/wp\/v2\/posts"}],"about":[{"href":"https:\/\/agora.xtec.cat\/escolalavilapalamos\/wp-json\/wp\/v2\/types\/post"}],"author":[{"embeddable":true,"href":"https:\/\/agora.xtec.cat\/escolalavilapalamos\/wp-json\/wp\/v2\/users\/171"}],"replies":[{"embeddable":true,"href":"https:\/\/agora.xtec.cat\/escolalavilapalamos\/wp-json\/wp\/v2\/comments?post=6692"}],"version-history":[{"count":4,"href":"https:\/\/agora.xtec.cat\/escolalavilapalamos\/wp-json\/wp\/v2\/posts\/6692\/revisions"}],"predecessor-version":[{"id":6740,"href":"https:\/\/agora.xtec.cat\/escolalavilapalamos\/wp-json\/wp\/v2\/posts\/6692\/revisions\/6740"}],"wp:featuredmedia":[{"embeddable":true,"href":"https:\/\/agora.xtec.cat\/escolalavilapalamos\/wp-json\/wp\/v2\/media\/6696"}],"wp:attachment":[{"href":"https:\/\/agora.xtec.cat\/escolalavilapalamos\/wp-json\/wp\/v2\/media?parent=6692"}],"wp:term":[{"taxonomy":"category","embeddable":true,"href":"https:\/\/agora.xtec.cat\/escolalavilapalamos\/wp-json\/wp\/v2\/categories?post=6692"},{"taxonomy":"post_tag","embeddable":true,"href":"https:\/\/agora.xtec.cat\/escolalavilapalamos\/wp-json\/wp\/v2\/tags?post=6692"}],"curies":[{"name":"wp","href":"https:\/\/api.w.org\/{rel}","templated":true}]}}