{"id":6678,"date":"2019-11-14T17:05:41","date_gmt":"2019-11-14T16:05:41","guid":{"rendered":"http:\/\/agora.xtec.cat\/escolalavilapalamos\/?p=6678"},"modified":"2019-12-10T09:28:02","modified_gmt":"2019-12-10T08:28:02","slug":"6e-fa-lactivitat-0-barreres","status":"publish","type":"post","link":"https:\/\/agora.xtec.cat\/escolalavilapalamos\/general\/6e-fa-lactivitat-0-barreres\/","title":{"rendered":"6\u00e8 fa l&#8217;activitat 0 barreres"},"content":{"rendered":"<h4>Reporters La Vila<\/h4>\n<p>El dimarts 12 de novembre al mat\u00ed els nois i noies de 6\u00e8 han anat a la nau de 50 metres a fer l&#8217;activitat 0 barreres.<\/p>\n<p>El projecte consisteix en la realizaci\u00f3 de xerrades de sensibilitzaci\u00f3 destinades a tot tipus de p\u00fablics amb l&#8217;objectiu de reflexionar de forma conjunta sobre la realitat que envolta la discapacitat. Les xerrades les porten a terme joves afectats per diferents graus de discapacitat f\u00edsica. A partir de les experi\u00e8ncies dels nostres conferenciants els oients aniran descobrint realitats molt properes i que malauradament romanen amagades. Amb la seva experi\u00e8ncia no nom\u00e9s apropen la realitat als oients sin\u00f3 busquem nous prop\u00f2sits per incidir en la greu problem\u00e0tica d\u00b4inserci\u00f3 laboral que afecta al col.lectiu\u00a0 amb discapacitat.<\/p>\n<p><iframe loading=\"lazy\" src=\"\/\/www.youtube.com\/embed\/xHEkXDN_Oyg\" width=\"560\" height=\"314\" allowfullscreen=\"allowfullscreen\"><\/iframe><\/p>\n","protected":false},"excerpt":{"rendered":"<p>Reporters La Vila<br \/>\nEl dimarts 12 de novembre al mat\u00ed els nois i noies de 6\u00e8 han anat a la nau de 50 metres a fer l&#8217;activitat 0 barreres.<br \/>\nEl projecte consisteix en la realizaci\u00f3 de xerrades de sensibilitzaci\u00f3 destinades a tot tipus de p\u00fablics amb l&#8217;objectiu&hellip;  <a href=\"https:\/\/agora.xtec.cat\/escolalavilapalamos\/general\/6e-fa-lactivitat-0-barreres\/\" title=\"Read 6\u00e8 fa l&#8217;activitat 0 barreres\">Llegeix m\u00e9s\u00bb<\/a><\/p>\n","protected":false},"author":171,"featured_media":6868,"comment_status":"open","ping_status":"closed","sticky":false,"template":"","format":"standard","meta":{"_bbp_topic_count":0,"_bbp_reply_count":0,"_bbp_total_topic_count":0,"_bbp_total_reply_count":0,"_bbp_voice_count":0,"_bbp_anonymous_reply_count":0,"_bbp_topic_count_hidden":0,"_bbp_reply_count_hidden":0,"_bbp_forum_subforum_count":0,"footnotes":""},"categories":[128,1,4,5],"tags":[],"class_list":["post-6678","post","type-post","status-publish","format-standard","has-post-thumbnail","hentry","category-comunitat-de-grans","category-general","category-portada","category-primaria"],"post_mailing_queue_ids":[],"_links":{"self":[{"href":"https:\/\/agora.xtec.cat\/escolalavilapalamos\/wp-json\/wp\/v2\/posts\/6678","targetHints":{"allow":["GET"]}}],"collection":[{"href":"https:\/\/agora.xtec.cat\/escolalavilapalamos\/wp-json\/wp\/v2\/posts"}],"about":[{"href":"https:\/\/agora.xtec.cat\/escolalavilapalamos\/wp-json\/wp\/v2\/types\/post"}],"author":[{"embeddable":true,"href":"https:\/\/agora.xtec.cat\/escolalavilapalamos\/wp-json\/wp\/v2\/users\/171"}],"replies":[{"embeddable":true,"href":"https:\/\/agora.xtec.cat\/escolalavilapalamos\/wp-json\/wp\/v2\/comments?post=6678"}],"version-history":[{"count":3,"href":"https:\/\/agora.xtec.cat\/escolalavilapalamos\/wp-json\/wp\/v2\/posts\/6678\/revisions"}],"predecessor-version":[{"id":6870,"href":"https:\/\/agora.xtec.cat\/escolalavilapalamos\/wp-json\/wp\/v2\/posts\/6678\/revisions\/6870"}],"wp:featuredmedia":[{"embeddable":true,"href":"https:\/\/agora.xtec.cat\/escolalavilapalamos\/wp-json\/wp\/v2\/media\/6868"}],"wp:attachment":[{"href":"https:\/\/agora.xtec.cat\/escolalavilapalamos\/wp-json\/wp\/v2\/media?parent=6678"}],"wp:term":[{"taxonomy":"category","embeddable":true,"href":"https:\/\/agora.xtec.cat\/escolalavilapalamos\/wp-json\/wp\/v2\/categories?post=6678"},{"taxonomy":"post_tag","embeddable":true,"href":"https:\/\/agora.xtec.cat\/escolalavilapalamos\/wp-json\/wp\/v2\/tags?post=6678"}],"curies":[{"name":"wp","href":"https:\/\/api.w.org\/{rel}","templated":true}]}}