{"id":6669,"date":"2019-11-11T12:48:33","date_gmt":"2019-11-11T11:48:33","guid":{"rendered":"http:\/\/agora.xtec.cat\/escolalavilapalamos\/?p=6669"},"modified":"2019-11-18T11:48:25","modified_gmt":"2019-11-18T10:48:25","slug":"colonies-al-clar-del-bosc-a-banyoles","status":"publish","type":"post","link":"https:\/\/agora.xtec.cat\/escolalavilapalamos\/general\/colonies-al-clar-del-bosc-a-banyoles\/","title":{"rendered":"Col\u00f2nies al Clar del Bosc a Banyoles"},"content":{"rendered":"<p><a href=\"https:\/\/agora.xtec.cat\/escolalavilapalamos\/wp-content\/uploads\/usu897\/2019\/11\/el-clar-del-bosc-arcs-edifici.jpg\"><img loading=\"lazy\" decoding=\"async\" class=\" wp-image-6671 alignright\" src=\"https:\/\/agora.xtec.cat\/escolalavilapalamos\/wp-content\/uploads\/usu897\/2019\/11\/el-clar-del-bosc-arcs-edifici.jpg\" alt=\"\" width=\"277\" height=\"194\" srcset=\"https:\/\/agora.xtec.cat\/escolalavilapalamos\/wp-content\/uploads\/usu897\/2019\/11\/el-clar-del-bosc-arcs-edifici.jpg 701w, https:\/\/agora.xtec.cat\/escolalavilapalamos\/wp-content\/uploads\/usu897\/2019\/11\/el-clar-del-bosc-arcs-edifici-300x211.jpg 300w\" sizes=\"auto, (max-width: 277px) 100vw, 277px\" \/><\/a>Els dies 1 i 2 de juny de 2020 els\/les alumnes de prim\u00e0ria ( 1r, 2n, 3r, 4t i 5\u00e8 ) anirem de <strong>col\u00f2nies a Clar del Bosc de Banyoles. <\/strong><em>Dormirem una sola nit.<\/em><\/p>\n<p>El preu final aproximat ser\u00e0 d&#8217;uns 90 \u20ac ( autocar, estada, tallers i comissi\u00f3 del banc), depenent sempre del nombre final d&#8217;alumnes.<\/p>\n<p>Per tal de poder confirmar la reserva a la casa de col\u00f2nies cal fer un pagament de 50\u20ac mitjan\u00e7ant el codi de barres de la circular i indicant el nom, cognoms i curs de l&#8217;alumne\/a.<\/p>\n<p>Feu el pagament, ompliu l&#8217;autoritzaci\u00f3 i retorneu-la a l&#8217;escola del <strong>dilluns 11 al divendres 22 de novembre del 2019<\/strong>.<\/p>\n<p>Us podeu descarregar la circular <a href=\"https:\/\/drive.google.com\/file\/d\/1p37paEiRAVkqaTjcI-4jN6PyIw-vljTM\/view?usp=sharing\">aqu\u00ed<\/a>.<\/p>\n<p>Informaci\u00f3 de <a href=\"https:\/\/www.accac.cat\/index.php?seccio=cases&amp;id=106\">la casa de col\u00f2nies<\/a>. On \u00e9s la casa de <a href=\"https:\/\/www.google.com\/maps\/place\/El+Clar+del+Bosc+(casa+de+col%C3%B2nies)\/@42.1013507,2.7093013,17z\/data=!3m1!4b1!4m8!3m7!1s0x12bac2302da9c4df:0x1950388fff56db81!5m2!4m1!1i2!8m2!3d42.1013507!4d2.71149\">col\u00f2nies Clar del Bosc de Banyoles<\/a>.<\/p>\n","protected":false},"excerpt":{"rendered":"<p><a href=\"https:\/\/agora.xtec.cat\/escolalavilapalamos\/wp-content\/uploads\/usu897\/2019\/11\/el-clar-del-bosc-arcs-edifici.jpg\"><\/a>Els dies 1 i 2 de juny de 2020 els\/les alumnes de prim\u00e0ria ( 1r, 2n, 3r, 4t i 5\u00e8 ) anirem de col\u00f2nies a Clar del Bosc de Banyoles. Dormirem una sola nit.<br \/>\nEl preu final aproximat ser\u00e0 d&#8217;uns 90 \u20ac ( autocar, estada,&hellip;  <a href=\"https:\/\/agora.xtec.cat\/escolalavilapalamos\/general\/colonies-al-clar-del-bosc-a-banyoles\/\" title=\"Read Col\u00f2nies al Clar del Bosc a Banyoles\">Llegeix m\u00e9s\u00bb<\/a><\/p>\n","protected":false},"author":1,"featured_media":6671,"comment_status":"open","ping_status":"closed","sticky":false,"template":"","format":"standard","meta":{"_bbp_topic_count":0,"_bbp_reply_count":0,"_bbp_total_topic_count":0,"_bbp_total_reply_count":0,"_bbp_voice_count":0,"_bbp_anonymous_reply_count":0,"_bbp_topic_count_hidden":0,"_bbp_reply_count_hidden":0,"_bbp_forum_subforum_count":0,"footnotes":""},"categories":[128,127,1,4,5],"tags":[],"class_list":["post-6669","post","type-post","status-publish","format-standard","has-post-thumbnail","hentry","category-comunitat-de-grans","category-comunitat-de-mitjans","category-general","category-portada","category-primaria"],"post_mailing_queue_ids":[],"_links":{"self":[{"href":"https:\/\/agora.xtec.cat\/escolalavilapalamos\/wp-json\/wp\/v2\/posts\/6669","targetHints":{"allow":["GET"]}}],"collection":[{"href":"https:\/\/agora.xtec.cat\/escolalavilapalamos\/wp-json\/wp\/v2\/posts"}],"about":[{"href":"https:\/\/agora.xtec.cat\/escolalavilapalamos\/wp-json\/wp\/v2\/types\/post"}],"author":[{"embeddable":true,"href":"https:\/\/agora.xtec.cat\/escolalavilapalamos\/wp-json\/wp\/v2\/users\/1"}],"replies":[{"embeddable":true,"href":"https:\/\/agora.xtec.cat\/escolalavilapalamos\/wp-json\/wp\/v2\/comments?post=6669"}],"version-history":[{"count":4,"href":"https:\/\/agora.xtec.cat\/escolalavilapalamos\/wp-json\/wp\/v2\/posts\/6669\/revisions"}],"predecessor-version":[{"id":6750,"href":"https:\/\/agora.xtec.cat\/escolalavilapalamos\/wp-json\/wp\/v2\/posts\/6669\/revisions\/6750"}],"wp:featuredmedia":[{"embeddable":true,"href":"https:\/\/agora.xtec.cat\/escolalavilapalamos\/wp-json\/wp\/v2\/media\/6671"}],"wp:attachment":[{"href":"https:\/\/agora.xtec.cat\/escolalavilapalamos\/wp-json\/wp\/v2\/media?parent=6669"}],"wp:term":[{"taxonomy":"category","embeddable":true,"href":"https:\/\/agora.xtec.cat\/escolalavilapalamos\/wp-json\/wp\/v2\/categories?post=6669"},{"taxonomy":"post_tag","embeddable":true,"href":"https:\/\/agora.xtec.cat\/escolalavilapalamos\/wp-json\/wp\/v2\/tags?post=6669"}],"curies":[{"name":"wp","href":"https:\/\/api.w.org\/{rel}","templated":true}]}}