{"id":6656,"date":"2019-10-28T09:22:39","date_gmt":"2019-10-28T08:22:39","guid":{"rendered":"http:\/\/agora.xtec.cat\/escolalavilapalamos\/?p=6656"},"modified":"2019-11-21T11:59:27","modified_gmt":"2019-11-21T10:59:27","slug":"la-castanyada-a-lescola-2","status":"publish","type":"post","link":"https:\/\/agora.xtec.cat\/escolalavilapalamos\/general\/la-castanyada-a-lescola-2\/","title":{"rendered":"La castanyada a l&#8217;escola"},"content":{"rendered":"<p>Benvolguts pares i mares de l&#8217;escola. <strong>Del dimarts 29 al mat\u00ed de dijous 31 d&#8217;octubre els vostres fills\/es han de portar a l&#8217;escola 15 castanyes amb un tall fet.<\/strong><\/p>\n<p><strong>Dijous 31 d&#8217;octubre al mat\u00ed <\/strong>arriba la Castanyera a La Vila a buscar les castanyes que ha portat la mainada de l&#8217;escola.<\/p>\n<p><strong><a href=\"https:\/\/agora.xtec.cat\/escolalavilapalamos\/wp-content\/uploads\/usu897\/2016\/11\/castanyera.jpg\"><img loading=\"lazy\" decoding=\"async\" class=\"wp-image-395 alignright\" src=\"https:\/\/agora.xtec.cat\/escolalavilapalamos\/wp-content\/uploads\/usu897\/2016\/11\/castanyera.jpg\" alt=\"\" width=\"277\" height=\"236\" srcset=\"https:\/\/agora.xtec.cat\/escolalavilapalamos\/wp-content\/uploads\/usu897\/2016\/11\/castanyera.jpg 736w, https:\/\/agora.xtec.cat\/escolalavilapalamos\/wp-content\/uploads\/usu897\/2016\/11\/castanyera-300x256.jpg 300w\" sizes=\"auto, (max-width: 277px) 100vw, 277px\" \/><\/a>Dijous a la tarda<\/strong> farem la festa de la castanyada. Cantarem can\u00e7ons i menjarem castanyes. <strong>Tots els\/les alumnes que vulguin podran venir vestits de castanyers i castanyeres.<\/strong> <em>Els nens i nenes que es queden a dinar han de portar la roba en una bossa amb el nom i abans de les 15h els disfressarem.<\/em><\/p>\n<p><a href=\"https:\/\/agora.xtec.cat\/escolalavilapalamos\/wp-content\/uploads\/usu897\/2019\/10\/inscription-ecole-climate-trail-2.jpg\"><img loading=\"lazy\" decoding=\"async\" class=\"wp-image-6572 alignleft\" src=\"https:\/\/agora.xtec.cat\/escolalavilapalamos\/wp-content\/uploads\/usu897\/2019\/10\/inscription-ecole-climate-trail-2.jpg\" alt=\"\" width=\"257\" height=\"257\" srcset=\"https:\/\/agora.xtec.cat\/escolalavilapalamos\/wp-content\/uploads\/usu897\/2019\/10\/inscription-ecole-climate-trail-2.jpg 559w, https:\/\/agora.xtec.cat\/escolalavilapalamos\/wp-content\/uploads\/usu897\/2019\/10\/inscription-ecole-climate-trail-2-150x150.jpg 150w, https:\/\/agora.xtec.cat\/escolalavilapalamos\/wp-content\/uploads\/usu897\/2019\/10\/inscription-ecole-climate-trail-2-300x300.jpg 300w\" sizes=\"auto, (max-width: 257px) 100vw, 257px\" \/><\/a>Aquest any la castanyera ve reivindicativa contra <strong>el canvi clim\u00e0tic<\/strong>. Hem treballat la can\u00e7\u00f3 <em><a href=\"https:\/\/youtu.be\/XGgBtHoIO4g\">Sing for the climate<\/a>. <\/em><\/p>\n<p>La mainada de l&#8217;escola ha estudiat qu\u00e8 \u00e9s el canvi clim\u00e0tic i com ens afecta. No us sembla que darrerament tarda m\u00e9s a arribar la tardor que fa uns anys ? No creieu que arriba la castanyada i encara anem amb roba d&#8217;estiu ? Fem conscients als nostres alumnes dels problemes de no cuidar el planeta<\/p>\n<p><strong>Els pares i mares podran entrar a l&#8217;escola a gaudir de la festa a les 16 h de la tarda<\/strong>.<\/p>\n<p><iframe loading=\"lazy\" title=\"Sing for the Climate Belgium - Final clip\" width=\"500\" height=\"281\" src=\"https:\/\/www.youtube.com\/embed\/XGgBtHoIO4g?feature=oembed\" frameborder=\"0\" allow=\"accelerometer; autoplay; clipboard-write; encrypted-media; gyroscope; picture-in-picture; web-share\" referrerpolicy=\"strict-origin-when-cross-origin\" allowfullscreen><\/iframe><\/p>\n<p>Participeu en les activitats TAC de la castanyada a <a href=\"http:\/\/www.edu365.cat\/castanyada\/index.htm\">www.edu365.cat\/castanyada\/index.htm<\/a><\/p>\n<p><iframe loading=\"lazy\" src=\"\/\/www.youtube.com\/embed\/zD2Gxe4c1NI\" width=\"560\" height=\"314\" allowfullscreen=\"allowfullscreen\"><\/iframe><\/p>\n<p><iframe loading=\"lazy\" src=\"\/\/www.youtube.com\/embed\/MXGgErY5i08\" width=\"560\" height=\"314\" allowfullscreen=\"allowfullscreen\"><\/iframe><\/p>\n","protected":false},"excerpt":{"rendered":"<p>Benvolguts pares i mares de l&#8217;escola. Del dimarts 29 al mat\u00ed de dijous 31 d&#8217;octubre els vostres fills\/es han de portar a l&#8217;escola 15 castanyes amb un tall fet.<br \/>\nDijous 31 d&#8217;octubre al mat\u00ed arriba la Castanyera a La Vila a buscar les castanyes que ha&hellip;  <a href=\"https:\/\/agora.xtec.cat\/escolalavilapalamos\/general\/la-castanyada-a-lescola-2\/\" title=\"Read La castanyada a l&#8217;escola\">Llegeix m\u00e9s\u00bb<\/a><\/p>\n","protected":false},"author":1,"featured_media":6572,"comment_status":"open","ping_status":"closed","sticky":false,"template":"","format":"standard","meta":{"_bbp_topic_count":0,"_bbp_reply_count":0,"_bbp_total_topic_count":0,"_bbp_total_reply_count":0,"_bbp_voice_count":0,"_bbp_anonymous_reply_count":0,"_bbp_topic_count_hidden":0,"_bbp_reply_count_hidden":0,"_bbp_forum_subforum_count":0,"footnotes":""},"categories":[128,127,2,1,4],"tags":[],"class_list":["post-6656","post","type-post","status-publish","format-standard","has-post-thumbnail","hentry","category-comunitat-de-grans","category-comunitat-de-mitjans","category-infantil","category-general","category-portada"],"post_mailing_queue_ids":[],"_links":{"self":[{"href":"https:\/\/agora.xtec.cat\/escolalavilapalamos\/wp-json\/wp\/v2\/posts\/6656","targetHints":{"allow":["GET"]}}],"collection":[{"href":"https:\/\/agora.xtec.cat\/escolalavilapalamos\/wp-json\/wp\/v2\/posts"}],"about":[{"href":"https:\/\/agora.xtec.cat\/escolalavilapalamos\/wp-json\/wp\/v2\/types\/post"}],"author":[{"embeddable":true,"href":"https:\/\/agora.xtec.cat\/escolalavilapalamos\/wp-json\/wp\/v2\/users\/1"}],"replies":[{"embeddable":true,"href":"https:\/\/agora.xtec.cat\/escolalavilapalamos\/wp-json\/wp\/v2\/comments?post=6656"}],"version-history":[{"count":3,"href":"https:\/\/agora.xtec.cat\/escolalavilapalamos\/wp-json\/wp\/v2\/posts\/6656\/revisions"}],"predecessor-version":[{"id":6808,"href":"https:\/\/agora.xtec.cat\/escolalavilapalamos\/wp-json\/wp\/v2\/posts\/6656\/revisions\/6808"}],"wp:featuredmedia":[{"embeddable":true,"href":"https:\/\/agora.xtec.cat\/escolalavilapalamos\/wp-json\/wp\/v2\/media\/6572"}],"wp:attachment":[{"href":"https:\/\/agora.xtec.cat\/escolalavilapalamos\/wp-json\/wp\/v2\/media?parent=6656"}],"wp:term":[{"taxonomy":"category","embeddable":true,"href":"https:\/\/agora.xtec.cat\/escolalavilapalamos\/wp-json\/wp\/v2\/categories?post=6656"},{"taxonomy":"post_tag","embeddable":true,"href":"https:\/\/agora.xtec.cat\/escolalavilapalamos\/wp-json\/wp\/v2\/tags?post=6656"}],"curies":[{"name":"wp","href":"https:\/\/api.w.org\/{rel}","templated":true}]}}