{"id":6567,"date":"2019-10-22T09:52:48","date_gmt":"2019-10-22T07:52:48","guid":{"rendered":"http:\/\/agora.xtec.cat\/escolalavilapalamos\/?p=6567"},"modified":"2019-10-22T09:52:48","modified_gmt":"2019-10-22T07:52:48","slug":"la-setmana-bio-al-menjador-escolar","status":"publish","type":"post","link":"https:\/\/agora.xtec.cat\/escolalavilapalamos\/general\/la-setmana-bio-al-menjador-escolar\/","title":{"rendered":"La\u00a0Setmana Bio al menjador escolar"},"content":{"rendered":"<p><a href=\"https:\/\/agora.xtec.cat\/escolalavilapalamos\/wp-content\/uploads\/usu897\/2019\/10\/bio-melfror.png\"><img loading=\"lazy\" decoding=\"async\" class=\"size-full wp-image-6568 alignleft\" src=\"https:\/\/agora.xtec.cat\/escolalavilapalamos\/wp-content\/uploads\/usu897\/2019\/10\/bio-melfror.png\" alt=\"\" width=\"270\" height=\"270\" srcset=\"https:\/\/agora.xtec.cat\/escolalavilapalamos\/wp-content\/uploads\/usu897\/2019\/10\/bio-melfror.png 270w, https:\/\/agora.xtec.cat\/escolalavilapalamos\/wp-content\/uploads\/usu897\/2019\/10\/bio-melfror-150x150.png 150w\" sizes=\"auto, (max-width: 270px) 100vw, 270px\" \/><\/a>Aquesta setmana \u00e9s\u00a0<strong><em>La\u00a0Setmana Bio a l\u2019escola<\/em><\/strong>\u00a0que organitza el Departament d\u2019Agricultura, Ramaderia i Pesca. L\u2019objectiu \u00e9s donar a con\u00e8ixer la producci\u00f3 agr\u00e0ria i l\u2019alimentaci\u00f3 ecol\u00f2giques en l\u2019entorn educatiu.<\/p>\n<p>Per aquest motiu, durant aquests cinc dies, en els menjadors escolars gestionats pel Consell Comarcal del Baix Empord\u00e0 s\u2019oferir\u00e0 com a m\u00ednim per dinar un producte bio diari, i per completar el servei, les empreses concession\u00e0ries han facilitat al seu personal informaci\u00f3, material i eines per tal que els equips de monitoratge puguin portar a terme diverses activitats relacionades amb aquest tema.<\/p>\n","protected":false},"excerpt":{"rendered":"<p><a href=\"https:\/\/agora.xtec.cat\/escolalavilapalamos\/wp-content\/uploads\/usu897\/2019\/10\/bio-melfror.png\"><\/a>Aquesta setmana \u00e9s\u00a0La\u00a0Setmana Bio a l\u2019escola\u00a0que organitza el Departament d\u2019Agricultura, Ramaderia i Pesca. L\u2019objectiu \u00e9s donar a con\u00e8ixer la producci\u00f3 agr\u00e0ria i l\u2019alimentaci\u00f3 ecol\u00f2giques en l\u2019entorn educatiu.<br \/>\nPer aquest motiu, durant aquests cinc dies, en els menjadors escolars gestionats pel Consell Comarcal del Baix Empord\u00e0&hellip;  <a href=\"https:\/\/agora.xtec.cat\/escolalavilapalamos\/general\/la-setmana-bio-al-menjador-escolar\/\" title=\"Read La\u00a0Setmana Bio al menjador escolar\">Llegeix m\u00e9s\u00bb<\/a><\/p>\n","protected":false},"author":1,"featured_media":6568,"comment_status":"open","ping_status":"closed","sticky":false,"template":"","format":"standard","meta":{"_bbp_topic_count":0,"_bbp_reply_count":0,"_bbp_total_topic_count":0,"_bbp_total_reply_count":0,"_bbp_voice_count":0,"_bbp_anonymous_reply_count":0,"_bbp_topic_count_hidden":0,"_bbp_reply_count_hidden":0,"_bbp_forum_subforum_count":0,"footnotes":""},"categories":[1,4],"tags":[],"class_list":["post-6567","post","type-post","status-publish","format-standard","has-post-thumbnail","hentry","category-general","category-portada"],"post_mailing_queue_ids":[],"_links":{"self":[{"href":"https:\/\/agora.xtec.cat\/escolalavilapalamos\/wp-json\/wp\/v2\/posts\/6567","targetHints":{"allow":["GET"]}}],"collection":[{"href":"https:\/\/agora.xtec.cat\/escolalavilapalamos\/wp-json\/wp\/v2\/posts"}],"about":[{"href":"https:\/\/agora.xtec.cat\/escolalavilapalamos\/wp-json\/wp\/v2\/types\/post"}],"author":[{"embeddable":true,"href":"https:\/\/agora.xtec.cat\/escolalavilapalamos\/wp-json\/wp\/v2\/users\/1"}],"replies":[{"embeddable":true,"href":"https:\/\/agora.xtec.cat\/escolalavilapalamos\/wp-json\/wp\/v2\/comments?post=6567"}],"version-history":[{"count":1,"href":"https:\/\/agora.xtec.cat\/escolalavilapalamos\/wp-json\/wp\/v2\/posts\/6567\/revisions"}],"predecessor-version":[{"id":6569,"href":"https:\/\/agora.xtec.cat\/escolalavilapalamos\/wp-json\/wp\/v2\/posts\/6567\/revisions\/6569"}],"wp:featuredmedia":[{"embeddable":true,"href":"https:\/\/agora.xtec.cat\/escolalavilapalamos\/wp-json\/wp\/v2\/media\/6568"}],"wp:attachment":[{"href":"https:\/\/agora.xtec.cat\/escolalavilapalamos\/wp-json\/wp\/v2\/media?parent=6567"}],"wp:term":[{"taxonomy":"category","embeddable":true,"href":"https:\/\/agora.xtec.cat\/escolalavilapalamos\/wp-json\/wp\/v2\/categories?post=6567"},{"taxonomy":"post_tag","embeddable":true,"href":"https:\/\/agora.xtec.cat\/escolalavilapalamos\/wp-json\/wp\/v2\/tags?post=6567"}],"curies":[{"name":"wp","href":"https:\/\/api.w.org\/{rel}","templated":true}]}}