{"id":6546,"date":"2019-10-21T11:47:33","date_gmt":"2019-10-21T09:47:33","guid":{"rendered":"http:\/\/agora.xtec.cat\/escolalavilapalamos\/?p=6546"},"modified":"2019-10-22T09:53:05","modified_gmt":"2019-10-22T07:53:05","slug":"visita-del-departament-deducacio","status":"publish","type":"post","link":"https:\/\/agora.xtec.cat\/escolalavilapalamos\/general\/visita-del-departament-deducacio\/","title":{"rendered":"Visita del Departament d&#8217;Educaci\u00f3"},"content":{"rendered":"<p><a href=\"https:\/\/agora.xtec.cat\/escolalavilapalamos\/wp-content\/uploads\/usu897\/2019\/10\/9_XpFPwX.jpg\"><img loading=\"lazy\" decoding=\"async\" class=\" wp-image-6547 alignright\" src=\"https:\/\/agora.xtec.cat\/escolalavilapalamos\/wp-content\/uploads\/usu897\/2019\/10\/9_XpFPwX.jpg\" alt=\"\" width=\"284\" height=\"284\" srcset=\"https:\/\/agora.xtec.cat\/escolalavilapalamos\/wp-content\/uploads\/usu897\/2019\/10\/9_XpFPwX.jpg 400w, https:\/\/agora.xtec.cat\/escolalavilapalamos\/wp-content\/uploads\/usu897\/2019\/10\/9_XpFPwX-150x150.jpg 150w, https:\/\/agora.xtec.cat\/escolalavilapalamos\/wp-content\/uploads\/usu897\/2019\/10\/9_XpFPwX-300x300.jpg 300w\" sizes=\"auto, (max-width: 284px) 100vw, 284px\" \/><\/a>El proper dimarts 12 de novembre al mat\u00ed el Departament d&#8217;educaci\u00f3 ve a la nostra escola a fer un reportatge audiovisual. La finalitat d\u2019aquest reportatge gr\u00e0fic \u00e9s el disposar d\u2019un banc de recursos fotogr\u00e0fics i audiovisuals pel departament per fer-ne difusi\u00f3 per mitj\u00e0 dels canals propis i les xarxes socials, a la vegada tamb\u00e9 els agradaria fer una petita c\u00e0psula informativa sobre el nostre projecte educatiu.<\/p>\n<p>Consideren molt interessant el nostre projecte educatiu, aix\u00ed com tenen molt inter\u00e8s en con\u00e8ixer m\u00e9s a fons el treball que fem amb la tecnologia a l\u2019aula, per poder-ho reflectir gr\u00e0ficament tot plegat i er fer-ne difusi\u00f3 pels seus canals informatius<\/p>\n<p>Aquesta visita implicaria disposar de les autoritzacions de drets d\u2019imatges dels nens i nenes, aix\u00ed com dels adults que surtin a les fotos i v\u00eddeos pel Department d&#8217;educaci\u00f3, autoritzacions diferents de les pr\u00f2pies que cada any fa signar l&#8217;escola.<\/p>\n<p><a href=\"https:\/\/drive.google.com\/file\/d\/0B0P6-dzfPaO5YmJvOGhtaEUxdmJTWnFNZ3RfN3loQ0hZQXZF\/view?usp=sharing\">Autoritzaci\u00f3 de drets d&#8217;imatge dels menors d&#8217;edat<\/a><\/p>\n<p><a href=\"https:\/\/drive.google.com\/file\/d\/0B0P6-dzfPaO5Z014MFlkb18yeUxra3BYNHpmLWYwcDN2cmFR\/view?usp=sharing\">Autoritzaci\u00f3 de drets d&#8217;imatge dels majors d&#8217;edat<\/a><\/p>\n<p>&nbsp;<\/p>\n","protected":false},"excerpt":{"rendered":"<p><a href=\"https:\/\/agora.xtec.cat\/escolalavilapalamos\/wp-content\/uploads\/usu897\/2019\/10\/9_XpFPwX.jpg\"><\/a>El proper dimarts 12 de novembre al mat\u00ed el Departament d&#8217;educaci\u00f3 ve a la nostra escola a fer un reportatge audiovisual. La finalitat d\u2019aquest reportatge gr\u00e0fic \u00e9s el disposar d\u2019un banc de recursos fotogr\u00e0fics i audiovisuals pel departament per fer-ne difusi\u00f3 per mitj\u00e0 dels&hellip;  <a href=\"https:\/\/agora.xtec.cat\/escolalavilapalamos\/general\/visita-del-departament-deducacio\/\" title=\"Read Visita del Departament d&#8217;Educaci\u00f3\">Llegeix m\u00e9s\u00bb<\/a><\/p>\n","protected":false},"author":1,"featured_media":6547,"comment_status":"open","ping_status":"closed","sticky":false,"template":"","format":"standard","meta":{"_bbp_topic_count":0,"_bbp_reply_count":0,"_bbp_total_topic_count":0,"_bbp_total_reply_count":0,"_bbp_voice_count":0,"_bbp_anonymous_reply_count":0,"_bbp_topic_count_hidden":0,"_bbp_reply_count_hidden":0,"_bbp_forum_subforum_count":0,"footnotes":""},"categories":[2,1,4,5],"tags":[],"class_list":["post-6546","post","type-post","status-publish","format-standard","has-post-thumbnail","hentry","category-infantil","category-general","category-portada","category-primaria"],"post_mailing_queue_ids":[],"_links":{"self":[{"href":"https:\/\/agora.xtec.cat\/escolalavilapalamos\/wp-json\/wp\/v2\/posts\/6546","targetHints":{"allow":["GET"]}}],"collection":[{"href":"https:\/\/agora.xtec.cat\/escolalavilapalamos\/wp-json\/wp\/v2\/posts"}],"about":[{"href":"https:\/\/agora.xtec.cat\/escolalavilapalamos\/wp-json\/wp\/v2\/types\/post"}],"author":[{"embeddable":true,"href":"https:\/\/agora.xtec.cat\/escolalavilapalamos\/wp-json\/wp\/v2\/users\/1"}],"replies":[{"embeddable":true,"href":"https:\/\/agora.xtec.cat\/escolalavilapalamos\/wp-json\/wp\/v2\/comments?post=6546"}],"version-history":[{"count":2,"href":"https:\/\/agora.xtec.cat\/escolalavilapalamos\/wp-json\/wp\/v2\/posts\/6546\/revisions"}],"predecessor-version":[{"id":6549,"href":"https:\/\/agora.xtec.cat\/escolalavilapalamos\/wp-json\/wp\/v2\/posts\/6546\/revisions\/6549"}],"wp:featuredmedia":[{"embeddable":true,"href":"https:\/\/agora.xtec.cat\/escolalavilapalamos\/wp-json\/wp\/v2\/media\/6547"}],"wp:attachment":[{"href":"https:\/\/agora.xtec.cat\/escolalavilapalamos\/wp-json\/wp\/v2\/media?parent=6546"}],"wp:term":[{"taxonomy":"category","embeddable":true,"href":"https:\/\/agora.xtec.cat\/escolalavilapalamos\/wp-json\/wp\/v2\/categories?post=6546"},{"taxonomy":"post_tag","embeddable":true,"href":"https:\/\/agora.xtec.cat\/escolalavilapalamos\/wp-json\/wp\/v2\/tags?post=6546"}],"curies":[{"name":"wp","href":"https:\/\/api.w.org\/{rel}","templated":true}]}}