{"id":6543,"date":"2019-10-16T09:04:14","date_gmt":"2019-10-16T07:04:14","guid":{"rendered":"http:\/\/agora.xtec.cat\/escolalavilapalamos\/?p=6543"},"modified":"2019-10-21T09:07:26","modified_gmt":"2019-10-21T07:07:26","slug":"informacio-de-la-vaga-del-proper-divendres-18-doctubre","status":"publish","type":"post","link":"https:\/\/agora.xtec.cat\/escolalavilapalamos\/general\/informacio-de-la-vaga-del-proper-divendres-18-doctubre\/","title":{"rendered":"Informaci\u00f3 de la Vaga del proper divendres 18 d&#8217;octubre"},"content":{"rendered":"<h6><a href=\"https:\/\/agora.xtec.cat\/escolalavilapalamos\/wp-content\/uploads\/usu897\/2019\/10\/cartell_bcn_logo.jpg\"><img loading=\"lazy\" decoding=\"async\" class=\" wp-image-6513 alignright\" src=\"https:\/\/agora.xtec.cat\/escolalavilapalamos\/wp-content\/uploads\/usu897\/2019\/10\/cartell_bcn_logo-717x1024.jpg\" alt=\"\" width=\"256\" height=\"366\" srcset=\"https:\/\/agora.xtec.cat\/escolalavilapalamos\/wp-content\/uploads\/usu897\/2019\/10\/cartell_bcn_logo.jpg 717w, https:\/\/agora.xtec.cat\/escolalavilapalamos\/wp-content\/uploads\/usu897\/2019\/10\/cartell_bcn_logo-210x300.jpg 210w\" sizes=\"auto, (max-width: 256px) 100vw, 256px\" \/><\/a><\/h6>\n<p>La majoria del claustre de l&#8217; Escola La Vila s&#8217;adhereix a la vaga general del proper divendres en contra de les retallades socials i de llibertats que convoquen les organitzacions sindicals Intersindical CSC (i-CSC) i Intersindical Alternativa de Catalunya (IAC). L&#8217;escola tindr\u00e0 serveis m\u00ednims tot el dia i el menjador funcionar\u00e0 tamb\u00e9 amb serveis m\u00ednims. Tot i aix\u00f2, el seguiment de la vaga \u00e9s majoritari per part dels mestres i no podem garantir el curs normal de les classes. Gr\u00e0cies<\/p>\n<p><a href=\"https:\/\/drive.google.com\/file\/d\/1FakVN_pJKlaXFq_yY8O5YfXkEQoSvGn2\/view?usp=sharing\">Circular de la Vaga<\/a><\/p>\n<p><a href=\"https:\/\/drive.google.com\/file\/d\/0B0P6-dzfPaO5ZDZOc2FRZzEzZk1YaXBWNTJfX2tmN3ZmSHhj\/view?usp=sharing\">Informaci\u00f3 dels serveis m\u00ednims del Menjador<\/a><\/p>\n","protected":false},"excerpt":{"rendered":"<p><a href=\"https:\/\/agora.xtec.cat\/escolalavilapalamos\/wp-content\/uploads\/usu897\/2019\/10\/cartell_bcn_logo.jpg\"><\/a><br \/>\nLa majoria del claustre de l&#8217; Escola La Vila s&#8217;adhereix a la vaga general del proper divendres en contra de les retallades socials i de llibertats que convoquen les organitzacions sindicals Intersindical CSC (i-CSC) i Intersindical Alternativa de Catalunya (IAC). L&#8217;escola tindr\u00e0 serveis m\u00ednims&hellip;  <a href=\"https:\/\/agora.xtec.cat\/escolalavilapalamos\/general\/informacio-de-la-vaga-del-proper-divendres-18-doctubre\/\" title=\"Read Informaci\u00f3 de la Vaga del proper divendres 18 d&#8217;octubre\">Llegeix m\u00e9s\u00bb<\/a><\/p>\n","protected":false},"author":1,"featured_media":6513,"comment_status":"open","ping_status":"closed","sticky":false,"template":"","format":"standard","meta":{"_bbp_topic_count":0,"_bbp_reply_count":0,"_bbp_total_topic_count":0,"_bbp_total_reply_count":0,"_bbp_voice_count":0,"_bbp_anonymous_reply_count":0,"_bbp_topic_count_hidden":0,"_bbp_reply_count_hidden":0,"_bbp_forum_subforum_count":0,"footnotes":""},"categories":[128,127,2,1,4],"tags":[],"class_list":["post-6543","post","type-post","status-publish","format-standard","has-post-thumbnail","hentry","category-comunitat-de-grans","category-comunitat-de-mitjans","category-infantil","category-general","category-portada"],"post_mailing_queue_ids":[],"_links":{"self":[{"href":"https:\/\/agora.xtec.cat\/escolalavilapalamos\/wp-json\/wp\/v2\/posts\/6543","targetHints":{"allow":["GET"]}}],"collection":[{"href":"https:\/\/agora.xtec.cat\/escolalavilapalamos\/wp-json\/wp\/v2\/posts"}],"about":[{"href":"https:\/\/agora.xtec.cat\/escolalavilapalamos\/wp-json\/wp\/v2\/types\/post"}],"author":[{"embeddable":true,"href":"https:\/\/agora.xtec.cat\/escolalavilapalamos\/wp-json\/wp\/v2\/users\/1"}],"replies":[{"embeddable":true,"href":"https:\/\/agora.xtec.cat\/escolalavilapalamos\/wp-json\/wp\/v2\/comments?post=6543"}],"version-history":[{"count":1,"href":"https:\/\/agora.xtec.cat\/escolalavilapalamos\/wp-json\/wp\/v2\/posts\/6543\/revisions"}],"predecessor-version":[{"id":6544,"href":"https:\/\/agora.xtec.cat\/escolalavilapalamos\/wp-json\/wp\/v2\/posts\/6543\/revisions\/6544"}],"wp:featuredmedia":[{"embeddable":true,"href":"https:\/\/agora.xtec.cat\/escolalavilapalamos\/wp-json\/wp\/v2\/media\/6513"}],"wp:attachment":[{"href":"https:\/\/agora.xtec.cat\/escolalavilapalamos\/wp-json\/wp\/v2\/media?parent=6543"}],"wp:term":[{"taxonomy":"category","embeddable":true,"href":"https:\/\/agora.xtec.cat\/escolalavilapalamos\/wp-json\/wp\/v2\/categories?post=6543"},{"taxonomy":"post_tag","embeddable":true,"href":"https:\/\/agora.xtec.cat\/escolalavilapalamos\/wp-json\/wp\/v2\/tags?post=6543"}],"curies":[{"name":"wp","href":"https:\/\/api.w.org\/{rel}","templated":true}]}}