{"id":6521,"date":"2019-10-21T08:00:39","date_gmt":"2019-10-21T06:00:39","guid":{"rendered":"http:\/\/agora.xtec.cat\/escolalavilapalamos\/?p=6521"},"modified":"2019-10-21T09:48:57","modified_gmt":"2019-10-21T07:48:57","slug":"excursio-dels-alumnes-de-p4-i-p5","status":"publish","type":"post","link":"https:\/\/agora.xtec.cat\/escolalavilapalamos\/general\/excursio-dels-alumnes-de-p4-i-p5\/","title":{"rendered":"Excursi\u00f3 dels alumnes de P4 i P5"},"content":{"rendered":"<p><a href=\"https:\/\/agora.xtec.cat\/escolalavilapalamos\/wp-content\/uploads\/usu897\/2019\/10\/parque-infantil-1380x700-1380x700-c.jpg\"><img loading=\"lazy\" decoding=\"async\" class=\"wp-image-6522 alignright\" src=\"https:\/\/agora.xtec.cat\/escolalavilapalamos\/wp-content\/uploads\/usu897\/2019\/10\/parque-infantil-1380x700-1380x700-c-1024x519.jpg\" alt=\"\" width=\"524\" height=\"266\" srcset=\"https:\/\/agora.xtec.cat\/escolalavilapalamos\/wp-content\/uploads\/usu897\/2019\/10\/parque-infantil-1380x700-1380x700-c-1024x519.jpg 1024w, https:\/\/agora.xtec.cat\/escolalavilapalamos\/wp-content\/uploads\/usu897\/2019\/10\/parque-infantil-1380x700-1380x700-c-300x152.jpg 300w, https:\/\/agora.xtec.cat\/escolalavilapalamos\/wp-content\/uploads\/usu897\/2019\/10\/parque-infantil-1380x700-1380x700-c-768x390.jpg 768w, https:\/\/agora.xtec.cat\/escolalavilapalamos\/wp-content\/uploads\/usu897\/2019\/10\/parque-infantil-1380x700-1380x700-c.jpg 1380w\" sizes=\"auto, (max-width: 524px) 100vw, 524px\" \/><\/a>El <strong>divendres <\/strong><strong>8 de novembre\u00a0 <\/strong>els nens i nenes de P4 i P5 anirem d\u2019excursi\u00f3 al\u00a0 Parc Francesc Maci\u00e0 de Malgrat de Mar.<\/p>\n<p>Per m\u00e9s informaci\u00f3 podeu consultar la web del\u00a0 <a href=\"https:\/\/www.turismemalgrat.com\/viu-malgrat\/parc-francesc-macia\/\">PARC FRANCESC MACI\u00c0<\/a><\/p>\n<p><strong>SORTIDA:<\/strong>\u00a0 A les 8:30h. de l\u2019estadi municipal de futbol.<\/p>\n<p><strong>ARRIBADA:<\/strong> A les 16:30h. aproximadament al mateix lloc.<\/p>\n<p><strong>CAL PORTAR<\/strong>: El xandall de l\u2019escola i cal\u00e7at comode. Dins una motxilla: el dinar en carmanyola i l\u2019aigua (en un env\u00e0s que no sigui de vidre)<\/p>\n<p><strong>Recordeu retornar l\u2019autoritzaci\u00f3 a la mestra, abans del 4 de novembre de 2019.<\/strong><\/p>\n<p><em>IMPORTANT: La comunitat de de petits creiem convenient ajornar pels nens\/es de P3 la sortida programada pel 8 de Novembre al parc Francesc Maci\u00e1 de Malgrat de Mar. Considerem que encara estem en proc\u00e9s d&#8217;adaptaci\u00f3. El fet de sortir de l&#8217;escola, despla\u00e7ar-nos en autobus i anar a un espai obert i desconegut pels infants no \u00e9s del tot apropiat en aquest moment.<\/em><br \/>\n<em>Aix\u00ed doncs, el divendres 8 de novembre els nens i nenes de P3 tindran escola en horari habitual i m\u00e9s endavant ja farem una excursi\u00f3.<\/em><\/p>\n<p>Us podeu descarregar la circular <a href=\"https:\/\/drive.google.com\/file\/d\/1cywwn4rOeXfvMiD1w-5tqqSiz3BfxZHB\/view?usp=sharing\">aqu\u00ed<\/a><\/p>\n<p>&nbsp;<\/p>\n","protected":false},"excerpt":{"rendered":"<p><a href=\"https:\/\/agora.xtec.cat\/escolalavilapalamos\/wp-content\/uploads\/usu897\/2019\/10\/parque-infantil-1380x700-1380x700-c.jpg\"><\/a>El divendres 8 de novembre\u00a0 els nens i nenes de P4 i P5 anirem d\u2019excursi\u00f3 al\u00a0 Parc Francesc Maci\u00e0 de Malgrat de Mar.<br \/>\nPer m\u00e9s informaci\u00f3 podeu consultar la web del\u00a0 <a href=\"https:\/\/www.turismemalgrat.com\/viu-malgrat\/parc-francesc-macia\/\">PARC FRANCESC MACI\u00c0<\/a><br \/>\nSORTIDA:\u00a0 A les 8:30h. de l\u2019estadi municipal de futbol.<br \/>\nARRIBADA: A les&hellip;  <a href=\"https:\/\/agora.xtec.cat\/escolalavilapalamos\/general\/excursio-dels-alumnes-de-p4-i-p5\/\" title=\"Read Excursi\u00f3 dels alumnes de P4 i P5\">Llegeix m\u00e9s\u00bb<\/a><\/p>\n","protected":false},"author":1,"featured_media":6523,"comment_status":"open","ping_status":"closed","sticky":false,"template":"","format":"standard","meta":{"_bbp_topic_count":0,"_bbp_reply_count":0,"_bbp_total_topic_count":0,"_bbp_total_reply_count":0,"_bbp_voice_count":0,"_bbp_anonymous_reply_count":0,"_bbp_topic_count_hidden":0,"_bbp_reply_count_hidden":0,"_bbp_forum_subforum_count":0,"footnotes":""},"categories":[2,1,4],"tags":[],"class_list":["post-6521","post","type-post","status-publish","format-standard","has-post-thumbnail","hentry","category-infantil","category-general","category-portada"],"post_mailing_queue_ids":[],"_links":{"self":[{"href":"https:\/\/agora.xtec.cat\/escolalavilapalamos\/wp-json\/wp\/v2\/posts\/6521","targetHints":{"allow":["GET"]}}],"collection":[{"href":"https:\/\/agora.xtec.cat\/escolalavilapalamos\/wp-json\/wp\/v2\/posts"}],"about":[{"href":"https:\/\/agora.xtec.cat\/escolalavilapalamos\/wp-json\/wp\/v2\/types\/post"}],"author":[{"embeddable":true,"href":"https:\/\/agora.xtec.cat\/escolalavilapalamos\/wp-json\/wp\/v2\/users\/1"}],"replies":[{"embeddable":true,"href":"https:\/\/agora.xtec.cat\/escolalavilapalamos\/wp-json\/wp\/v2\/comments?post=6521"}],"version-history":[{"count":3,"href":"https:\/\/agora.xtec.cat\/escolalavilapalamos\/wp-json\/wp\/v2\/posts\/6521\/revisions"}],"predecessor-version":[{"id":6526,"href":"https:\/\/agora.xtec.cat\/escolalavilapalamos\/wp-json\/wp\/v2\/posts\/6521\/revisions\/6526"}],"wp:featuredmedia":[{"embeddable":true,"href":"https:\/\/agora.xtec.cat\/escolalavilapalamos\/wp-json\/wp\/v2\/media\/6523"}],"wp:attachment":[{"href":"https:\/\/agora.xtec.cat\/escolalavilapalamos\/wp-json\/wp\/v2\/media?parent=6521"}],"wp:term":[{"taxonomy":"category","embeddable":true,"href":"https:\/\/agora.xtec.cat\/escolalavilapalamos\/wp-json\/wp\/v2\/categories?post=6521"},{"taxonomy":"post_tag","embeddable":true,"href":"https:\/\/agora.xtec.cat\/escolalavilapalamos\/wp-json\/wp\/v2\/tags?post=6521"}],"curies":[{"name":"wp","href":"https:\/\/api.w.org\/{rel}","templated":true}]}}